{"id":58512,"date":"2019-08-19T08:58:00","date_gmt":"2019-08-19T12:58:00","guid":{"rendered":"https:\/\/linitiative.ca\/International\/avis-de-vente-au-plus-offrant-dun-palais-non-acheve-sis-sur-les-hauteurs-de-la-falaise-de-sidi-bou-said-et-de-carthage-tunisie-a-o-n19-2019\/"},"modified":"2019-08-19T08:58:00","modified_gmt":"2019-08-19T12:58:00","slug":"avis-de-vente-au-plus-offrant-dun-palais-non-acheve-sis-sur-les-hauteurs-de-la-falaise-de-sidi-bou-said-et-de-carthage-tunisie-a-o-n19-2019","status":"publish","type":"post","link":"https:\/\/linitiative.ca\/International\/avis-de-vente-au-plus-offrant-dun-palais-non-acheve-sis-sur-les-hauteurs-de-la-falaise-de-sidi-bou-said-et-de-carthage-tunisie-a-o-n19-2019\/","title":{"rendered":"Avis de Vente au plus offrant d\u2019un Palais non achev\u00e9 Sis sur les hauteurs de la falaise de Sidi-Bou-Sa\u00efd et de Carthage \u2013 Tunisie A.O N\u00b019\/2019"},"content":{"rendered":"<p>Le Palais \u00abAmilcar\u00bb est perch\u00e9 sur les hauteurs de la falaise de Sidi-Bou-Sa\u00efd (www.sidi-bou-sa\u00efd.com) \u00e0 70 m d\u2019altitude. \u00c0 15 minutes de l\u2019A\u00e9roport International \u00abTunis-Carthage\u00bb. \u00c0 deux minutes des villes de La Marsa et de Carthage.<\/p>\n<p>Superficie terrain: 11 394 m\u00b2\/Une Superficie couverte de 7376 m<sup>2<\/sup> r\u00e9partissur Cinq Niveaux.138 pi\u00e8ces, 07 terrasses b\u00e9n\u00e9ficiant d\u2019une vue sur mer. Une piscine c\u00f4t\u00e9 falaise. Au rez-de-jardin : Une piscine avec cascade, terrasse couverte et jacuzzi, un Hammam, une salle de gymnastique et une salle de Jeux. 04 ascenseurs dont un ascenseur panoramique. Des espaces verts de l\u2019ordre de 3 000 m\u00b2 avec une plantation diversifi\u00e9e (palmiers, des ph\u0153nix canariensis, des cocotiers, des arbres fruitiers tel que Prunus Amygdalus, des arbustes &#8230;) &#8211; Un lac artificiel avec cascade et bassin anim\u00e9 par un jet d\u2019eau &#8211; Une voie Club car et v\u00e9lo &#8211; Un Terrain de Tennis &#8211; Des Jardins, grottes et cages am\u00e9nag\u00e9s pour animaux &#8211; Une voie v\u00e9hiculaire interne qui desserve la r\u00e9sidence depuis l&rsquo;entr\u00e9e Alyssa d&rsquo;une largeur de 8 m. Les constructions et les ouvrages sont totalement achev\u00e9s .Les lots rev\u00eatement, plomberie, \u00e9lectricit\u00e9, ascenseur et d\u00e9coration sont achev\u00e9s vers 80%.<\/p>\n<p>Les Plans de situation sont disponibles sur le site\u00a0 www.gammarth-immobiliere.tn, ou directement chez Gammarth Immobili\u00e8re. La vente porte sur les divers ouvrages, \u00e9quipements et biens dans l\u2019\u00e9tat o\u00f9 ils se trouvent, \u00e0 constater sur place par le soumissionnaire et ses conseillers sous sa propre responsabilit\u00e9.<\/p>\n<p>Les soumissionnaires peuvent envoyer leurs offres par voie postale, sous pli recommand\u00e9, par rapide-poste ou les d\u00e9poser directement au bureau d\u2019ordre central de Gammarth Immobili\u00e8re contre d\u00e9charge. Les offres seront plac\u00e9es sous enveloppe ext\u00e9rieure ferm\u00e9e et scell\u00e9e avec la mention:<\/p>\n<p class=\"c3\"><span class=\"c2\"><strong>Destinataire : Soci\u00e9t\u00e9 Gammarth Immobili\u00e8re<br \/>Adresse: Rue du Lac d\u2019Annecy &#8211; Passage du Lac Malawi Immeuble Al Karama Holding\u00a0 Les berges du lac 1053 Tunis &#8211; Tunisie<br \/>Objet : Participation \u00e0 l\u2019Appel d\u2019Offres International N\u00b019 \/ 2019<br \/><\/strong><\/span> <em><span class=\"c2\"><strong>\u00a0\u00abA Ne Pas Ouvrir par le service du bureau d\u2019ordre\u00bb<\/strong><\/span><\/em><\/p>\n<p>Cette enveloppe ext\u00e9rieure comportera les pi\u00e8ces administratives et financi\u00e8res de A \u00e0 F \u00e9num\u00e9r\u00e9es dans l\u2019art. 8 \u00ab contenu des offres \u00bb dont le cautionnement de participation selon les conditions figurant au C.C et fix\u00e9 \u00e0 Cinq cent mille dinars (500 000 DT) pour les r\u00e9sidents et cent soixante-dix mille dollars (170 000$) ou euros (170 000 \u20ac) pour les non-r\u00e9sidents.<br \/>La date limite de remise des offres est fix\u00e9e au Jeudi 05 Septembre 2019 \u00e0 15h00.<\/p>\n<p>Les soumissionnaires demeurent li\u00e9s par leurs soumissions pendant cent quatre-vingt(180) jours \u00e0 compter du jour suivant la date limite de r\u00e9ception des offres.<br \/>Pour plus d\u2019informations veuillez contacter le service commercial de la soci\u00e9t\u00e9 ou son agence r\u00e9gionale (+216 71 960 100 ou +216 73 369 037 ou +216 98 910 000).<\/p>\n<p class=\"c4\"><strong>GI<\/strong><br \/>\u00a0<\/p>\n<p>Auteur:<br \/>\n<a href=\"https:\/\/www.leaders.com.tn\/article\/27769-avis-de-vente-au-plus-offrant-d-un-palais-non-acheve-sis-sur-les-hauteurs-de-la-falaise-de-sidi-bou-said-et-de-carthage-tunisie-a-o-n-19-2019\">Cliquez ici pour lire l&rsquo;article depuis sa source.<\/a><\/p>\n","protected":false},"excerpt":{"rendered":"<p>Le Palais \u00abAmilcar\u00bb est perch\u00e9 sur les hauteurs de la falaise de Sidi-Bou-Sa\u00efd (www.sidi-bou-sa\u00efd.com) \u00e0 70 m d\u2019altitude. \u00c0 15 minutes de l\u2019A\u00e9roport International \u00abTunis-Carthage\u00bb. \u00c0 deux minutes des villes de La Marsa et de Carthage. Superficie terrain: 11 394 m\u00b2\/Une Superficie couverte de 7376 m2 r\u00e9partissur Cinq Niveaux.138 pi\u00e8ces, 07 terrasses b\u00e9n\u00e9ficiant d\u2019une vue [&hellip;]<\/p>\n","protected":false},"author":1772,"featured_media":0,"comment_status":"closed","ping_status":"closed","sticky":false,"template":"","format":"standard","meta":{"fifu_image_url":"","fifu_image_alt":"","footnotes":""},"categories":[73,55],"tags":[],"class_list":["post-58512","post","type-post","status-publish","format-standard","hentry","category-actualite","category-tunisie"],"_links":{"self":[{"href":"https:\/\/linitiative.ca\/International\/wp-json\/wp\/v2\/posts\/58512","targetHints":{"allow":["GET"]}}],"collection":[{"href":"https:\/\/linitiative.ca\/International\/wp-json\/wp\/v2\/posts"}],"about":[{"href":"https:\/\/linitiative.ca\/International\/wp-json\/wp\/v2\/types\/post"}],"author":[{"embeddable":true,"href":"https:\/\/linitiative.ca\/International\/wp-json\/wp\/v2\/users\/1772"}],"replies":[{"embeddable":true,"href":"https:\/\/linitiative.ca\/International\/wp-json\/wp\/v2\/comments?post=58512"}],"version-history":[{"count":0,"href":"https:\/\/linitiative.ca\/International\/wp-json\/wp\/v2\/posts\/58512\/revisions"}],"wp:attachment":[{"href":"https:\/\/linitiative.ca\/International\/wp-json\/wp\/v2\/media?parent=58512"}],"wp:term":[{"taxonomy":"category","embeddable":true,"href":"https:\/\/linitiative.ca\/International\/wp-json\/wp\/v2\/categories?post=58512"},{"taxonomy":"post_tag","embeddable":true,"href":"https:\/\/linitiative.ca\/International\/wp-json\/wp\/v2\/tags?post=58512"}],"curies":[{"name":"wp","href":"https:\/\/api.w.org\/{rel}","templated":true}]}}