{"id":58513,"date":"2019-08-19T09:05:00","date_gmt":"2019-08-19T13:05:00","guid":{"rendered":"https:\/\/linitiative.ca\/International\/un-numero-special-de-leaders-el-arabiya-caid-essebsi-de-lhomme-detat-au-zaim\/"},"modified":"2019-08-19T09:05:00","modified_gmt":"2019-08-19T13:05:00","slug":"un-numero-special-de-leaders-el-arabiya-caid-essebsi-de-lhomme-detat-au-zaim","status":"publish","type":"post","link":"https:\/\/linitiative.ca\/International\/un-numero-special-de-leaders-el-arabiya-caid-essebsi-de-lhomme-detat-au-zaim\/","title":{"rendered":"Un num\u00e9ro sp\u00e9cial de Leaders el Arabiya : Ca\u00efd Essebsi, de l&rsquo;homme d&rsquo;Etat au Za\u00efm"},"content":{"rendered":"<p>Il a v\u00e9cu en homme d\u2019Etat par excellence. Il nous a quitt\u00e9s en \u00abZaim\u00bb. C\u2019est le titre qui barre la couverture du num\u00e9ro sp\u00e9cial de Leaders el Arabiya (Aout 2019) enti\u00e8rement d\u00e9di\u00e9 au pr\u00e9sident B\u00e9ji Ca\u00efd Essebsi. Photos in\u00e9dites, analyses et\u00a0 articles meublent ce num\u00e9ro de 100 pages disponible dans les kiosques.<\/p>\n<p>La revue s&rsquo;ouvre sur l\u2019\u00e9ditorial de Ch\u00e9dly Klibi qui revient sur le parcours du pr\u00e9sident d\u00e9funt, ses combats, ses opinions, son style de gouvernement. Suivent des t\u00e9moignages de ses plus proches collaborateurs, Me Lazhar Chabbi, Ta\u00efeb Baccouche, ainsi que celui-de Wided Bouchammaoui, ancienne pr\u00e9sidente de l\u2019Utica qui r\u00e9v\u00e8le que le pr\u00e9sident d\u00e9funt\u00a0 est \u00e0 l\u2019origine de l\u2019octroi du prix Nobel de la Paix.<\/p>\n<p>Ce num\u00e9ro se distingue aussi par les diff\u00e9rentes lectures de la longue carri\u00e8re politique de B\u00e9ji Ca\u00efd Essebsi avec tous ses avatars, le militant destourien, le Bourguibiste r\u00e9volt\u00e9, l\u2019homme de dialogue et du consensus, l\u2019\u00e9crivain et le tribun, ainsi que par les analyses de cette personnalit\u00e9 singuli\u00e8re, sous la signature de Habib Dridi, Rachid Khechana, Hamida Enneifer, Mohamed Hsairi, Ameur Bouazza et Adel Lahmar.<br \/>Dans ce num\u00e9ro \u00e9galement, une analyse du r\u00f4le de Mohamed Ennaceur, le pr\u00e9sident-arbitre dans cette \u00e9tape d\u00e9cisive de l\u2019histoire de la Tunisie.\u00a0<br \/>\u00a0<\/p>\n<p>Auteur:<br \/>\n<a href=\"https:\/\/www.leaders.com.tn\/article\/27770-un-numero-special-de-leaders-el-arabiya-caid-essebsi-de-l-homme-d-etat-au-zaim\">Cliquez ici pour lire l&rsquo;article depuis sa source.<\/a><\/p>\n","protected":false},"excerpt":{"rendered":"<p>Il a v\u00e9cu en homme d\u2019Etat par excellence. Il nous a quitt\u00e9s en \u00abZaim\u00bb. C\u2019est le titre qui barre la couverture du num\u00e9ro sp\u00e9cial de Leaders el Arabiya (Aout 2019) enti\u00e8rement d\u00e9di\u00e9 au pr\u00e9sident B\u00e9ji Ca\u00efd Essebsi. Photos in\u00e9dites, analyses et\u00a0 articles meublent ce num\u00e9ro de 100 pages disponible dans les kiosques. La revue s&rsquo;ouvre [&hellip;]<\/p>\n","protected":false},"author":1772,"featured_media":0,"comment_status":"closed","ping_status":"closed","sticky":false,"template":"","format":"standard","meta":{"fifu_image_url":"","fifu_image_alt":"","footnotes":""},"categories":[73,55],"tags":[],"class_list":["post-58513","post","type-post","status-publish","format-standard","hentry","category-actualite","category-tunisie"],"_links":{"self":[{"href":"https:\/\/linitiative.ca\/International\/wp-json\/wp\/v2\/posts\/58513","targetHints":{"allow":["GET"]}}],"collection":[{"href":"https:\/\/linitiative.ca\/International\/wp-json\/wp\/v2\/posts"}],"about":[{"href":"https:\/\/linitiative.ca\/International\/wp-json\/wp\/v2\/types\/post"}],"author":[{"embeddable":true,"href":"https:\/\/linitiative.ca\/International\/wp-json\/wp\/v2\/users\/1772"}],"replies":[{"embeddable":true,"href":"https:\/\/linitiative.ca\/International\/wp-json\/wp\/v2\/comments?post=58513"}],"version-history":[{"count":0,"href":"https:\/\/linitiative.ca\/International\/wp-json\/wp\/v2\/posts\/58513\/revisions"}],"wp:attachment":[{"href":"https:\/\/linitiative.ca\/International\/wp-json\/wp\/v2\/media?parent=58513"}],"wp:term":[{"taxonomy":"category","embeddable":true,"href":"https:\/\/linitiative.ca\/International\/wp-json\/wp\/v2\/categories?post=58513"},{"taxonomy":"post_tag","embeddable":true,"href":"https:\/\/linitiative.ca\/International\/wp-json\/wp\/v2\/tags?post=58513"}],"curies":[{"name":"wp","href":"https:\/\/api.w.org\/{rel}","templated":true}]}}