{"id":58516,"date":"2019-08-19T06:00:00","date_gmt":"2019-08-19T10:00:00","guid":{"rendered":"https:\/\/linitiative.ca\/International\/benchaa-out-pour-dix-jours\/"},"modified":"2019-08-19T06:00:00","modified_gmt":"2019-08-19T10:00:00","slug":"benchaa-out-pour-dix-jours","status":"publish","type":"post","link":"https:\/\/linitiative.ca\/International\/benchaa-out-pour-dix-jours\/","title":{"rendered":"Bencha\u00e2 out pour dix jours"},"content":{"rendered":"<p>Tr\u00e8s en verve lors de la pr\u00e9paration estivale, efficace lors du d\u00e9placement victorieux de l\u2019\u00e9quipe au Niger en tour pr\u00e9liminaire de la LDC, l\u2019attaquant de l\u2019USM Alger, Zakaria Bencha\u00e2 s\u2019est m\u00e9chamment tordu la cheville lors du match inaugural de la saison, jeudi soir, contre l\u2019ES S\u00e9tif. L\u2019enfant d\u2019Al-Bahia, que l\u2019on donnait pour out pour une longue p\u00e9riode, a appris que sa blessure n\u2019\u00e9tait pas si grave. Elle n\u00e9cessitera un repos de dix jours, ce qui l\u2019emp\u00eachera d\u2019effectuer le d\u00e9placement \u00e0 Constantine o\u00f9 l\u2019USMA affrontera ce soir le CSC et devrait \u00e9galement faire l\u2019impasse sur la manche \u00abretour\u00bb contre les Nig\u00e9riens de l\u2019AS Sonidep. L\u2019autre d\u00e9fection au sein de l\u2019effectif de Bilal Dziri n\u2019est autre que la nouvelle recrue, le d\u00e9fenseur Ily\u00e8s Oukkal \u00e9galement bless\u00e9 face \u00e0 l\u2019ESS. Pour pallier ces deux forfaits, le driver des Rouge et Noir comptera probablement sur l\u2019attaquant des U23, Aymen Mahious, et du longiligne Hichem Belkaroui qui semble pr\u00eat sur le plan physique, lui qui \u00e9tait la derni\u00e8re recrue \u00e0 rejoindre l\u2019\u00e9quipe de Soustara.<br \/>M. B.<\/p>\n<p>Auteur:<br \/>\n<a href=\"https:\/\/www.lesoirdalgerie.com\/sports\/benchaa-out-pour-dix-jours-28815\">Cliquez ici pour lire l&rsquo;article depuis sa source.<\/a><\/p>\n","protected":false},"excerpt":{"rendered":"<p>Tr\u00e8s en verve lors de la pr\u00e9paration estivale, efficace lors du d\u00e9placement victorieux de l\u2019\u00e9quipe au Niger en tour pr\u00e9liminaire de la LDC, l\u2019attaquant de l\u2019USM Alger, Zakaria Bencha\u00e2 s\u2019est m\u00e9chamment tordu la cheville lors du match inaugural de la saison, jeudi soir, contre l\u2019ES S\u00e9tif. L\u2019enfant d\u2019Al-Bahia, que l\u2019on donnait pour out pour une [&hellip;]<\/p>\n","protected":false},"author":1741,"featured_media":0,"comment_status":"closed","ping_status":"closed","sticky":false,"template":"","format":"standard","meta":{"fifu_image_url":"","fifu_image_alt":"","footnotes":""},"categories":[73,53],"tags":[],"class_list":["post-58516","post","type-post","status-publish","format-standard","hentry","category-actualite","category-algerie"],"_links":{"self":[{"href":"https:\/\/linitiative.ca\/International\/wp-json\/wp\/v2\/posts\/58516","targetHints":{"allow":["GET"]}}],"collection":[{"href":"https:\/\/linitiative.ca\/International\/wp-json\/wp\/v2\/posts"}],"about":[{"href":"https:\/\/linitiative.ca\/International\/wp-json\/wp\/v2\/types\/post"}],"author":[{"embeddable":true,"href":"https:\/\/linitiative.ca\/International\/wp-json\/wp\/v2\/users\/1741"}],"replies":[{"embeddable":true,"href":"https:\/\/linitiative.ca\/International\/wp-json\/wp\/v2\/comments?post=58516"}],"version-history":[{"count":0,"href":"https:\/\/linitiative.ca\/International\/wp-json\/wp\/v2\/posts\/58516\/revisions"}],"wp:attachment":[{"href":"https:\/\/linitiative.ca\/International\/wp-json\/wp\/v2\/media?parent=58516"}],"wp:term":[{"taxonomy":"category","embeddable":true,"href":"https:\/\/linitiative.ca\/International\/wp-json\/wp\/v2\/categories?post=58516"},{"taxonomy":"post_tag","embeddable":true,"href":"https:\/\/linitiative.ca\/International\/wp-json\/wp\/v2\/tags?post=58516"}],"curies":[{"name":"wp","href":"https:\/\/api.w.org\/{rel}","templated":true}]}}