{"id":58540,"date":"2019-08-19T17:03:05","date_gmt":"2019-08-19T21:03:05","guid":{"rendered":"https:\/\/linitiative.ca\/International\/cote-divoire-le-retour-de-ble-goude\/"},"modified":"2019-08-19T17:03:05","modified_gmt":"2019-08-19T21:03:05","slug":"cote-divoire-le-retour-de-ble-goude","status":"publish","type":"post","link":"https:\/\/linitiative.ca\/International\/cote-divoire-le-retour-de-ble-goude\/","title":{"rendered":"C\u00f4te d\u2019Ivoire\u00a0: le \u00ab\u00a0retour\u00a0\u00bb de Bl\u00e9 Goud\u00e9"},"content":{"rendered":"<div class=\"td-post-featured-image\"><a href=\"https:\/\/i1.wp.com\/www.sidwaya.info\/wp-content\/uploads\/2019\/08\/Trait-de-plume.jpg?fit=738%2C493&#038;ssl=1\" data-caption=\"\"><img loading=\"lazy\" decoding=\"async\" width=\"696\" height=\"465\" class=\"entry-thumb td-modal-image\" src=\"https:\/\/i1.wp.com\/www.sidwaya.info\/wp-content\/uploads\/2019\/08\/Trait-de-plume.jpg?resize=696%2C465&#038;ssl=1\" srcset=\"https:\/\/i1.wp.com\/www.sidwaya.info\/wp-content\/uploads\/2019\/08\/Trait-de-plume.jpg?w=738&#038;ssl=1 738w, https:\/\/i1.wp.com\/www.sidwaya.info\/wp-content\/uploads\/2019\/08\/Trait-de-plume.jpg?resize=300%2C200&#038;ssl=1 300w, https:\/\/i1.wp.com\/www.sidwaya.info\/wp-content\/uploads\/2019\/08\/Trait-de-plume.jpg?resize=696%2C465&#038;ssl=1 696w, https:\/\/i1.wp.com\/www.sidwaya.info\/wp-content\/uploads\/2019\/08\/Trait-de-plume.jpg?resize=629%2C420&#038;ssl=1 629w\" sizes=\"auto, (max-width: 696px) 100vw, 696px\" alt=\"\" title=\"Trait de plume\"\/><\/a><\/div>\n<p>L\u2019ancien ministre de la Jeunesse de Laurent Gbagbo, Charles Bl\u00e9 Goud\u00e9, lib\u00e9r\u00e9 sous conditions par la Cour p\u00e9nale internationale (CPI), en janvier 2019, est toujours \u00e0 La Haye. Mais, il a assist\u00e9 par vid\u00e9o-conf\u00e9rence, le dimanche 18 ao\u00fbt, au premier congr\u00e8s de son parti, le Congr\u00e8s panafricain pour la justice et l\u2019\u00e9galit\u00e9 des peuples (COJEP) \u00e0 Yopougon, un quartier populaire de la capitale \u00e9conomique ivoirienne, Abidjan. \u00ab Charles Bl\u00e9 Goud\u00e9 a \u00e9t\u00e9 \u00e9lu \u00e0 l\u2019unanimit\u00e9 des 1 250 congressistes, pr\u00e9sident du COJEP pour quatre ans \u00bb, selon les conclusions du premier congr\u00e8s ordinaire du parti, n\u00e9 du mouvement de ce proche de l\u2019ex-pr\u00e9sident, qui nourrit lui-m\u00eame des ambitions pr\u00e9sidentielles. \u00ab Les congressistes m\u2019ont port\u00e9 \u00e0 la t\u00eate du COJEP. J\u2019en mesure toute la responsabilit\u00e9.<\/p>\n<p>Ma priorit\u00e9 : la paix et la r\u00e9conciliation des filles et fils de la C\u00f4te d\u2019Ivoire \u00bb, a d\u00e9clar\u00e9 Charles Bl\u00e9 Goud\u00e9 depuis la Haye. Ces propos sont suffisamment \u00e9vocateurs des ambitions de l\u2019ancien arrangueur de foule, au moment des heures de gloire et de crise du r\u00e9gime Gbagbo. Le \u00ab g\u00e9n\u00e9ral de la rue \u00bb, comme il a \u00e9t\u00e9 surnomm\u00e9, se pr\u00eate donc des ambitions pr\u00e9sidentielles, vouant n\u00e9anmoins sa fid\u00e9lit\u00e9 \u00e9ternelle \u00e0 celui qu\u2019il appelle son \u00ab papa \u00bb et \u00ab ma\u00eetre \u00bb, Laurent Gbagbo. Une mani\u00e8re de pr\u00e9ciser que le COJEP qui entre d\u00e9sormais dans la cour des grands partis selon lui, n\u2019est pas en concurrence avec le Front populaire ivoirien (FPI). M\u00eame si ses lieutenants n\u2019excluent pas sa candidature \u00e0 la pr\u00e9sidentielle de 2020, l\u2019ancien meneur des Jeunes patriotes s\u2019est voulu toutefois clair : \u00ab c\u2019est quand Laurent Gbagbo ne sera plus actif politiquement que je vais entrer en sc\u00e8ne \u00bb. Encore loin de cet \u00e9pisode de l\u2019\u00e9volution de la sc\u00e8ne politique ivoirienne, Bl\u00e9 Goud\u00e9, toujours dans l\u2019attente de la d\u00e9cision d\u2019un \u00e9ventuel appel de la procureure Fatou Bensouda, doit maintenant nommer son \u00e9quipe. D\u00e9j\u00e0, il s\u2019\u00e9tait adress\u00e9 en mars dernier aux membres du COJEP en ces termes : \u00ab Quand je reviendrai, et je vais revenir bient\u00f4t, nous allons continuer le combat. Ne doutez pas un seul instant de notre victoire \u00bb. C\u2019est dire donc que son ton de rassembleur et d\u2019avocat de la paix, du pardon et de la r\u00e9conciliation, cache mal ses ambitions politiques \u00e0 quatorze mois de la pr\u00e9sidentielle.<\/p>\n<p>A d\u00e9faut de la candidature de Laurent Gbagbo et de celle de Bl\u00e9 Goud\u00e9, le COJEP n\u2019exclut pas d\u2019avoir son propre candidat pour la conqu\u00eate du pouvoir d\u2019Etat. L\u2019un dans l\u2019autre, il faut d\u00e9sormais compter avec le parti de Bl\u00e9 Goud\u00e9, si l\u2019on sait le r\u00f4le que ce dernier a jou\u00e9 dans un pass\u00e9 r\u00e9cent en C\u00f4te d\u2019Ivoire. Le camp pr\u00e9sidentiel n\u2019a pas encore d\u00e9sign\u00e9 son joker pour 2020, tandis que l\u2019opposition politique est pour sa part, \u00e0 l\u2019\u00e9tape des concertations. C\u2019est dans cette incertitude, de part et d\u2019autre, que le \u00ab\u00a0jeune\u00a0\u00bb COJEP, qui a tout de m\u00eame 18 ans d\u2019existence, peut jouer un r\u00f4le et pas des moindres. En effet, dans un environnement politique aussi volatil que celui de la C\u00f4te d\u2019Ivoire, le jeu des alliances a toujours fait la force du vainqueur, et aussi bien Alassane Ouattara que Henry Konan B\u00e9di\u00e9 en sont des t\u00e9moins privil\u00e9gi\u00e9s. Dans ce sens, la large coalition de l\u2019opposition politique que B\u00e9di\u00e9 a entam\u00e9e ne crachera pas sur une adh\u00e9sion d\u2019une b\u00eate politique comme Charles Bl\u00e9 Goud\u00e9.<\/p>\n<p>En tous les cas, si le \u00ab\u00a0g\u00e9n\u00e9ral de la rue\u00a0\u00bb venait \u00e0 \u00eatre d\u00e9finitivement acquitt\u00e9 par la CPI, son arriv\u00e9e en C\u00f4te d\u2019Ivoire marquera, sans conteste, son retour sur la sc\u00e8ne politique.<\/p>\n<p class=\"c1\"><strong>Jean-Marie TOE<\/strong><\/p>\n<div class=\"td-a-rec td-a-rec-id-content_bottom td_uid_30_5d5b182628a7e_rand td_block_template_1\"><img loading=\"lazy\" decoding=\"async\" class=\"aligncenter size-full wp-image-9623\" src=\"https:\/\/www.sidwaya.info\/wp-content\/uploads\/2019\/06\/Projet-bannie%CC%80re-Orange-mobile.jpg\" alt=\"\" width=\"728\" height=\"81\"\/><\/div>\n<p>Auteur: DD. Sidwaya<br \/>\n<a href=\"https:\/\/www.sidwaya.info\/blog\/2019\/08\/19\/cote-divoire-le-retour-de-ble-goude\/\">Cliquez ici pour lire l&rsquo;article depuis sa source.<\/a><\/p>\n","protected":false},"excerpt":{"rendered":"<p>L\u2019ancien ministre de la Jeunesse de Laurent Gbagbo, Charles Bl\u00e9 Goud\u00e9, lib\u00e9r\u00e9 sous conditions par la Cour p\u00e9nale internationale (CPI), en janvier 2019, est toujours \u00e0 La Haye. Mais, il a assist\u00e9 par vid\u00e9o-conf\u00e9rence, le dimanche 18 ao\u00fbt, au premier congr\u00e8s de son parti, le Congr\u00e8s panafricain pour la justice et l\u2019\u00e9galit\u00e9 des peuples (COJEP) [&hellip;]<\/p>\n","protected":false},"author":1816,"featured_media":0,"comment_status":"closed","ping_status":"closed","sticky":false,"template":"","format":"standard","meta":{"fifu_image_url":"","fifu_image_alt":"","footnotes":""},"categories":[73,81],"tags":[],"class_list":["post-58540","post","type-post","status-publish","format-standard","hentry","category-actualite","category-burkina-faso"],"_links":{"self":[{"href":"https:\/\/linitiative.ca\/International\/wp-json\/wp\/v2\/posts\/58540","targetHints":{"allow":["GET"]}}],"collection":[{"href":"https:\/\/linitiative.ca\/International\/wp-json\/wp\/v2\/posts"}],"about":[{"href":"https:\/\/linitiative.ca\/International\/wp-json\/wp\/v2\/types\/post"}],"author":[{"embeddable":true,"href":"https:\/\/linitiative.ca\/International\/wp-json\/wp\/v2\/users\/1816"}],"replies":[{"embeddable":true,"href":"https:\/\/linitiative.ca\/International\/wp-json\/wp\/v2\/comments?post=58540"}],"version-history":[{"count":0,"href":"https:\/\/linitiative.ca\/International\/wp-json\/wp\/v2\/posts\/58540\/revisions"}],"wp:attachment":[{"href":"https:\/\/linitiative.ca\/International\/wp-json\/wp\/v2\/media?parent=58540"}],"wp:term":[{"taxonomy":"category","embeddable":true,"href":"https:\/\/linitiative.ca\/International\/wp-json\/wp\/v2\/categories?post=58540"},{"taxonomy":"post_tag","embeddable":true,"href":"https:\/\/linitiative.ca\/International\/wp-json\/wp\/v2\/tags?post=58540"}],"curies":[{"name":"wp","href":"https:\/\/api.w.org\/{rel}","templated":true}]}}