{"id":58542,"date":"2019-08-19T17:08:14","date_gmt":"2019-08-19T21:08:14","guid":{"rendered":"https:\/\/linitiative.ca\/International\/hadj-2019-300-premiers-pelerins-regagnent-ouagadougou\/"},"modified":"2019-08-19T17:08:14","modified_gmt":"2019-08-19T21:08:14","slug":"hadj-2019-300-premiers-pelerins-regagnent-ouagadougou","status":"publish","type":"post","link":"https:\/\/linitiative.ca\/International\/hadj-2019-300-premiers-pelerins-regagnent-ouagadougou\/","title":{"rendered":"Hadj 2019  : 300 premiers p\u00e8lerins regagnent Ouagadougou"},"content":{"rendered":"<div>\n<p><strong>Un premier vol transportant des p\u00e8lerins \u00e0 destination de Ouagadougou a atterri, le lundi 19 ao\u00fbt 2019 \u00e0 l\u2019a\u00e9roport international. Ils \u00e9taient environ 300 \u00e0 bord de l\u2019appareil.<\/strong><\/p>\n<p>Apr\u00e8s un s\u00e9jour en Arabie saoudite o\u00f9 ils ont accompli le cinqui\u00e8me pilier de l\u2019Islam, les p\u00e8lerins burkinab\u00e8 commencent \u00e0 regagner leur pays. Hier lundi 19 ao\u00fbt 2019, ils \u00e9taient environ 300 \u00e0 bord du Boeing 767-200 qui a atterri \u00e0 l\u2019a\u00e9roport international de Ouagadougou. A Bobo-Dioulasso, c\u2019est plus t\u00f4t la veille que le premier convoi a \u00e9t\u00e9 accueilli. A leur descente d\u2019avion aux environs de 6h, c\u2019est le ministre d\u2019Etat, ministre de l\u2019Administration territoriale, de la D\u00e9centralisation et de la Coh\u00e9sion sociale, Sim\u00e9on Sawadogo, qui les a accueillis. Celui-ci a exprim\u00e9 sa joie d\u2019assister \u00e0 l\u2019arriv\u00e9e des p\u00e8lerins burkinab\u00e8.<\/p>\n<p>\u00ab Hier, nous avons re\u00e7u le premier avion \u00e0 Bobo-Dioulasso. Ce matin, c\u2019est le premier avion qui est \u00e0 Ouagadougou avec environ 300 p\u00e8lerins. C\u2019est une fiert\u00e9 pour le gouvernement d\u2019avoir contribu\u00e9 \u00e0 la r\u00e9ussite du Hadj 2019 \u00bb, s\u2019est-il r\u00e9joui. Il a rappel\u00e9 que le quota du Burkina pour cette ann\u00e9e est de 8143 personnes. Il a souhait\u00e9 que les autres p\u00e8lerins regagnent \u00e9galement le pays en bonne sant\u00e9 dans les jours \u00e0 venir. Le ministre d\u2019Etat a traduit sa reconnaissance \u00e0 la F\u00e9d\u00e9ration des associations islamiques, \u00e0 l\u2019ambassade d\u2019Arabie saoudite et \u00e0 l\u2019ensemble des d\u00e9partements minist\u00e9riels pour leur contribution \u00e0 la bonne tenue de ce p\u00e8lerinage.<\/p>\n<p>\u00ab Nous prions que Dieu exhauce les v\u0153ux de nos p\u00e8lerins. Je suis convaincu qu\u2019ils ont pri\u00e9 pour eux-m\u00eames, pour leur famille et pour notre pays, le Burkina Faso \u00bb, a-t-il \u00e9mis.<br \/>\nC\u2019est avec joie que M. Lamine Guira regagne sa famille, apr\u00e8s un s\u00e9jour \u00e0 la Mecque. \u00ab Nous n\u2019avons pas eu de difficult\u00e9s majeures. Le Hadj s\u2019est pass\u00e9 dans de tr\u00e8s bonnes conditions \u00bb, a-t-il indiqu\u00e9. Pour lui, au regard de la situation s\u00e9curitaire difficile, le s\u00e9jour a \u00e9t\u00e9 mis \u00e0 profit pour prier pour la paix et la prosp\u00e9rit\u00e9. Et Mariam Kindo de saluer l\u2019engagement de ceux qui ont assur\u00e9 l\u2019organisation de ce voyage. \u00ab Nous sommes all\u00e9s accomplir le cinqui\u00e8me pilier de l\u2019Islam, nous l\u2019avons fait avec beaucoup de plaisir et de joie. Notre v\u0153u est que Dieu permette \u00e0 d\u2019autres Burkinab\u00e8 de pouvoir l\u2019effectuer \u00bb, a-t-elle laiss\u00e9 entendre.<\/p>\n<p>M\u00eame son de cloche pour Idrissa Zida, pour qui c\u2019est un honneur de pouvoir porter le titre El hadj. \u00ab Nous savons tous que notre pays traverse des moments difficiles. Pour ce faire, nous avons pri\u00e9 pour que la paix revienne au pays. Je suis certain que Dieu ehxaucera nos v\u0153ux afin que notre pays retrouve sa qui\u00e9tude \u00bb, a-t-il dit. Comme toute organisation d\u2019une telle envergure, indique-t-il, des difficult\u00e9s ne peuvent pas manquer. Il a de ce fait appel\u00e9 le comit\u00e9 d\u2019organisation \u00e0 redoubler d\u2019efforts pour les prochains hadj. \u00ab Je f\u00e9licite nos autorit\u00e9s qui se sont impliqu\u00e9s pour que nous puissions parcourir les lieux saints de l\u2019Arabie saoudite et ensuite regagner nos familles en paix \u00bb, a-t-il conclu.<\/p>\n<p style=\"text-align: right\"><strong>\u00a0Adama SEDGO<\/strong><\/p>\n<p>L\u2019article <a rel=\"nofollow\" href=\"https:\/\/www.sidwaya.info\/blog\/2019\/08\/19\/hadj-2019-300-premiers-pelerins-regagnent-ouagadougou\/\">Hadj 2019  : 300 premiers p\u00e8lerins regagnent Ouagadougou<\/a> est apparu en premier sur <a rel=\"nofollow\" href=\"https:\/\/www.sidwaya.info\/\">Quotidien Sidwaya<\/a>.<\/p>\n<\/div>\n<p>Auteur: DD. Sidwaya<br \/>\n<a href=\"https:\/\/www.sidwaya.info\/blog\/2019\/08\/19\/hadj-2019-300-premiers-pelerins-regagnent-ouagadougou\/\">Cliquez ici pour lire l&rsquo;article depuis sa source.<\/a><\/p>\n","protected":false},"excerpt":{"rendered":"<p>Un premier vol transportant des p\u00e8lerins \u00e0 destination de Ouagadougou a atterri, le lundi 19 ao\u00fbt 2019 \u00e0 l\u2019a\u00e9roport international. Ils \u00e9taient environ 300 \u00e0 bord de l\u2019appareil. Apr\u00e8s un s\u00e9jour en Arabie saoudite o\u00f9 ils ont accompli le cinqui\u00e8me pilier de l\u2019Islam, les p\u00e8lerins burkinab\u00e8 commencent \u00e0 regagner leur pays. Hier lundi 19 ao\u00fbt [&hellip;]<\/p>\n","protected":false},"author":1816,"featured_media":0,"comment_status":"closed","ping_status":"closed","sticky":false,"template":"","format":"standard","meta":{"fifu_image_url":"","fifu_image_alt":"","footnotes":""},"categories":[73,81],"tags":[],"class_list":["post-58542","post","type-post","status-publish","format-standard","hentry","category-actualite","category-burkina-faso"],"_links":{"self":[{"href":"https:\/\/linitiative.ca\/International\/wp-json\/wp\/v2\/posts\/58542","targetHints":{"allow":["GET"]}}],"collection":[{"href":"https:\/\/linitiative.ca\/International\/wp-json\/wp\/v2\/posts"}],"about":[{"href":"https:\/\/linitiative.ca\/International\/wp-json\/wp\/v2\/types\/post"}],"author":[{"embeddable":true,"href":"https:\/\/linitiative.ca\/International\/wp-json\/wp\/v2\/users\/1816"}],"replies":[{"embeddable":true,"href":"https:\/\/linitiative.ca\/International\/wp-json\/wp\/v2\/comments?post=58542"}],"version-history":[{"count":0,"href":"https:\/\/linitiative.ca\/International\/wp-json\/wp\/v2\/posts\/58542\/revisions"}],"wp:attachment":[{"href":"https:\/\/linitiative.ca\/International\/wp-json\/wp\/v2\/media?parent=58542"}],"wp:term":[{"taxonomy":"category","embeddable":true,"href":"https:\/\/linitiative.ca\/International\/wp-json\/wp\/v2\/categories?post=58542"},{"taxonomy":"post_tag","embeddable":true,"href":"https:\/\/linitiative.ca\/International\/wp-json\/wp\/v2\/tags?post=58542"}],"curies":[{"name":"wp","href":"https:\/\/api.w.org\/{rel}","templated":true}]}}