{"id":58551,"date":"2019-08-20T04:04:48","date_gmt":"2019-08-20T08:04:48","guid":{"rendered":"https:\/\/linitiative.ca\/International\/un-plaidoyer-des-jeunes-parlementaires\/"},"modified":"2019-08-20T04:04:48","modified_gmt":"2019-08-20T08:04:48","slug":"un-plaidoyer-des-jeunes-parlementaires","status":"publish","type":"post","link":"https:\/\/linitiative.ca\/International\/un-plaidoyer-des-jeunes-parlementaires\/","title":{"rendered":"Un plaidoyer des jeunes parlementaires"},"content":{"rendered":"<header>\n<\/header>\n<div class=\"entry-content clearfix\" readability=\"66\"><img decoding=\"async\" class=\"post_layout_5_img\" src=\"http:\/\/aujourdhui.ma\/wp-content\/uploads\/2019\/08\/Nizar-Berdai-pre%CC%81sident-de-l%E2%80%99Association-marocaine-des-jeunes-parlementaires-AMJP-.jpg?x29840\" alt=\"Un plaidoyer des jeunes parlementaires\"\/><\/p>\n<p class=\"p1\"><span class=\"c4\"><strong>La premi\u00e8re session l\u00e9gislative du Parlement Jeunesse d\u00e9bouche sur plusieurs recommandations<\/strong><\/span><span id=\"more-317118\"\/><\/p>\n<p class=\"p1\"><span class=\"s1\">L\u2019Association marocaine des jeunes parlementaires (AMJP) vient de d\u00e9voiler ses recommandations \u00e9labor\u00e9es lors de la premi\u00e8re session l\u00e9gislative du Parlement Jeunesse du Maroc qui s\u2019est tenue du 22 au 27 juillet 2019. Il s\u2019agit d\u2019une initiative qui a pour objectif de promouvoir l\u2019implication des jeunes marocains en politique, mais aussi de partager avec le reste du Royaume le regard que porte la jeunesse sur des sujets qui la concernent tout particuli\u00e8rement. Les recommandations pr\u00e9sent\u00e9es touchent plusieurs sujets couvrant les aspects politiques, \u00e9conomiques et du d\u00e9veloppement li\u00e9s \u00e0 diff\u00e9rents niveaux national, r\u00e9gional et international, \u00e0 travers quatre commissions : la premi\u00e8re d\u00e9di\u00e9e \u00e0 la justice, la l\u00e9gislation et les droits de l\u2019Homme, la deuxi\u00e8me s\u2019int\u00e9resse aux secteurs sociaux, la troisi\u00e8me se penche sur les finances et le d\u00e9veloppement \u00e9conomique et la derni\u00e8re est consacr\u00e9e aux affaires \u00e9trang\u00e8res, la d\u00e9fense, les affaires islamiques et les Marocains r\u00e9sidant \u00e0 l\u2019\u00e9tranger.<\/span><\/p>\n<p class=\"p1\"><span class=\"s1\">La premi\u00e8re commission, elle, a examin\u00e9 les questions du mariage pr\u00e9coce, du mariage forc\u00e9 et de la m\u00e9diation familiale. La deuxi\u00e8me commission d\u00e9di\u00e9e aux secteurs sociaux a planch\u00e9 pour sa part sur une proposition d\u2019une loi-cadre relative \u00e0 l\u2019\u00e9ducation et \u00e0 la formation afin d\u2019int\u00e9grer les jeunes dans le march\u00e9 du travail \u00e0 travers la mise en \u0153uvre des Hautes directives royales dans ce domaine. La commission a estim\u00e9 qu\u2019il existait toute une s\u00e9rie d\u2019entraves \u00e0 l\u2019int\u00e9gration des jeunes dans le march\u00e9 du travail li\u00e9es principalement \u00e0 la formation tout en soulignant l\u2019absence de v\u00e9ritables m\u00e9canismes d\u2019int\u00e9gration des personnes \u00e0 besoins sp\u00e9cifiques et des personnes lib\u00e9r\u00e9es apr\u00e8s avoir purg\u00e9 une peine privative de libert\u00e9.<\/span><\/p>\n<p class=\"p1\"><span class=\"s1\">En cons\u00e9quence, la commission a reconnu la n\u00e9cessit\u00e9 d\u2019\u00e9laborer une proposition de loi incluant : des r\u00e8gles sp\u00e9ciales pour l\u2019orientation acad\u00e9mique, qui imposent au minist\u00e8re de tutelle de former des cadres p\u00e9dagogiques et leur confier la t\u00e2che d\u2019orienter les \u00e9l\u00e8ves \u00e0 partir de l\u2019enseignement coll\u00e9gial et de l\u2019enseignement secondaire. Les travaux<span class=\"Apple-converted-space\">\u00a0<\/span> de la commission des finances et du d\u00e9veloppement \u00e9conomique ont essentiellement port\u00e9 sur l\u2019\u00e9tude de la loi n \u00b086.12 sur les contrats de partenariat public-priv\u00e9. Au niveau de la commission des affaires \u00e9trang\u00e8res, de la d\u00e9fense, des affaires islamiques et des Marocains r\u00e9sidant \u00e0 l\u2019\u00e9tranger, les travaux ont port\u00e9 sur la coop\u00e9ration Sud-Sud, qui a constitu\u00e9 lors de ces dix derni\u00e8res ann\u00e9es un axe majeur de la diplomatie marocaine, en particulier avec les partenaires de notre pays en Afrique.<\/span><\/p>\n<\/div>\n<p>Auteur: ALM<br \/>\n<a href=\"http:\/\/aujourdhui.ma\/actualite\/un-plaidoyer-des-jeunes-parlementaires\">Cliquez ici pour lire l&rsquo;article depuis sa source.<\/a><\/p>\n","protected":false},"excerpt":{"rendered":"<p>La premi\u00e8re session l\u00e9gislative du Parlement Jeunesse d\u00e9bouche sur plusieurs recommandations L\u2019Association marocaine des jeunes parlementaires (AMJP) vient de d\u00e9voiler ses recommandations \u00e9labor\u00e9es lors de la premi\u00e8re session l\u00e9gislative du Parlement Jeunesse du Maroc qui s\u2019est tenue du 22 au 27 juillet 2019. Il s\u2019agit d\u2019une initiative qui a pour objectif de promouvoir l\u2019implication des [&hellip;]<\/p>\n","protected":false},"author":1759,"featured_media":0,"comment_status":"closed","ping_status":"closed","sticky":false,"template":"","format":"standard","meta":{"fifu_image_url":"","fifu_image_alt":"","footnotes":""},"categories":[73,54],"tags":[],"class_list":["post-58551","post","type-post","status-publish","format-standard","hentry","category-actualite","category-maroc"],"_links":{"self":[{"href":"https:\/\/linitiative.ca\/International\/wp-json\/wp\/v2\/posts\/58551","targetHints":{"allow":["GET"]}}],"collection":[{"href":"https:\/\/linitiative.ca\/International\/wp-json\/wp\/v2\/posts"}],"about":[{"href":"https:\/\/linitiative.ca\/International\/wp-json\/wp\/v2\/types\/post"}],"author":[{"embeddable":true,"href":"https:\/\/linitiative.ca\/International\/wp-json\/wp\/v2\/users\/1759"}],"replies":[{"embeddable":true,"href":"https:\/\/linitiative.ca\/International\/wp-json\/wp\/v2\/comments?post=58551"}],"version-history":[{"count":0,"href":"https:\/\/linitiative.ca\/International\/wp-json\/wp\/v2\/posts\/58551\/revisions"}],"wp:attachment":[{"href":"https:\/\/linitiative.ca\/International\/wp-json\/wp\/v2\/media?parent=58551"}],"wp:term":[{"taxonomy":"category","embeddable":true,"href":"https:\/\/linitiative.ca\/International\/wp-json\/wp\/v2\/categories?post=58551"},{"taxonomy":"post_tag","embeddable":true,"href":"https:\/\/linitiative.ca\/International\/wp-json\/wp\/v2\/tags?post=58551"}],"curies":[{"name":"wp","href":"https:\/\/api.w.org\/{rel}","templated":true}]}}