{"id":58552,"date":"2019-08-20T04:06:42","date_gmt":"2019-08-20T08:06:42","guid":{"rendered":"https:\/\/linitiative.ca\/International\/abdelkrim-benoutiq-la-culture-est-en-partie-la-reponse-a-plusieurs-maux-associes-a-limmigration\/"},"modified":"2019-08-20T04:06:42","modified_gmt":"2019-08-20T08:06:42","slug":"abdelkrim-benoutiq-la-culture-est-en-partie-la-reponse-a-plusieurs-maux-associes-a-limmigration","status":"publish","type":"post","link":"https:\/\/linitiative.ca\/International\/abdelkrim-benoutiq-la-culture-est-en-partie-la-reponse-a-plusieurs-maux-associes-a-limmigration\/","title":{"rendered":"Abdelkrim Benoutiq : \u00abLa culture est en partie la r\u00e9ponse \u00e0 plusieurs maux associ\u00e9s \u00e0 l\u2019immigration\u00bb"},"content":{"rendered":"<p><img decoding=\"async\" class=\"post_layout_5_img\" src=\"http:\/\/aujourdhui.ma\/wp-content\/uploads\/2017\/08\/Abdelkrim-Benatiq-MRE.jpg?x29840\" alt=\"Abdelkrim Benoutiq : \u00abLa culture est en partie la r\u00e9ponse \u00e0 plusieurs maux associ\u00e9s \u00e0 l\u2019immigration\u00bb\"\/><\/p>\n<p class=\"p1\"><span class=\"c4\"><span class=\"s1\"><strong>Entretien avec Abdelkrim Benoutiq, ministre d\u00e9l\u00e9gu\u00e9 charg\u00e9 des MRE\u00a0<\/strong><\/span><span class=\"s1\"><strong>et des affaires de la migration<\/strong><\/span><\/span><span id=\"more-317153\"\/><\/p>\n<div class=\"base-box mom_box_sc_custom mom_box_sc clear c5\" readability=\"12\">\n<p class=\"p1\"><strong><span class=\"s1\">Quand on sait que pr\u00e8s de cinq millions de Marocains r\u00e9sident \u00e0 l\u2019\u00e9tranger, faire conna\u00eetre la culture marocaine, aussi bien aupr\u00e8s des MRE que des soci\u00e9t\u00e9s de leurs pays d\u2019accueil, devient un imp\u00e9ratif.<\/span><\/strong><\/p>\n<\/div>\n<p class=\"p1\"><strong>ALM : Pourquoi avez-vous choisi l\u2019offre culturelle comme levier de pr\u00e9servation de l\u2019identit\u00e9 ?<\/strong><\/p>\n<p class=\"p1\"><strong>Abdelkrim Benoutiq :<\/strong> La dimension culturelle occupe une place importante dans notre strat\u00e9gie envers les MRE. Le but \u00e9tant de renforcer les liens de la communaut\u00e9 marocaine \u00e0 l\u2019\u00e9tranger avec son pays d\u2019origine le Maroc.<span class=\"Apple-converted-space\">\u00a0<\/span> Cette strat\u00e9gie vise essentiellement la pr\u00e9servation de leur identit\u00e9 marocaine et la protection de leurs droits et acquis. C\u2019est dans cette optique que nous avons \u00e9labor\u00e9 une nouvelle politique culturelle permettant d\u2019avoir une offre culturelle vari\u00e9e, qui tient compte de leurs attentes et des sp\u00e9cificit\u00e9s de leurs pays de r\u00e9sidence.<\/p>\n<p class=\"p1\">Cette strat\u00e9gie se d\u00e9cline en plusieurs programmes, mis en \u0153uvre aussi bien dans les pays d\u2019accueil qu\u2019au Maroc. Au niveau des pays d\u2019accueil, nous avons lanc\u00e9 un programme ambitieux pour la cr\u00e9ation de centres culturels marocains dans les pays de r\u00e9sidence qui accueillent une forte communaut\u00e9 marocaine. Ces centres ont pour principal objectif de contribuer au rayonnement de la culture marocaine dans les pays de r\u00e9sidence et promouvoir l\u2019offre culturelle destin\u00e9e \u00e0 nos ressortissants \u00e9tablis \u00e0 l\u2019\u00e9tranger.<\/p>\n<p class=\"p1\">Parall\u00e8lement, d\u2019autres initiatives ont \u00e9t\u00e9 lanc\u00e9es par le minist\u00e8re afin de promouvoir la culture marocaine et le vivre-ensemble. Il s\u2019agit de la Maison des cultures maroco-flamande \u00abDarna\u00bb, lanc\u00e9e en partenariat avec le gouvernement flamand, et du programme culturel de partenariat entrepris avec la Fondation des Trois Cultures de la M\u00e9diterran\u00e9e \u00e0 S\u00e9ville.<\/p>\n<p class=\"p1\">Aussi, nous soutenons les actions des associations des MRE porteuses de projets culturels et \u00e9ducatifs dont principalement l\u2019enseignement de la langue arabe et la culture marocaine aux enfants des MRE.<\/p>\n<p class=\"p1\">Au Maroc, plusieurs actions se d\u00e9roulent annuellement au profit de membres de la communaut\u00e9 marocaine r\u00e9sidant \u00e0 l\u2019\u00e9tranger. Des s\u00e9jours culturels sont organis\u00e9s r\u00e9guli\u00e8rement en partenariat avec des associations MRE et en parfaite coordination avec les ambassades et consulats du Royaume. Le programme des universit\u00e9s culturelles est l\u2019un des programmes phares du minist\u00e8re vu qu\u2019il vise les jeunes MRE, \u00e2g\u00e9s de 18 \u00e0 25 ans. Les enfants MRE sont \u00e9galement pris en compte dans les programmes culturels. Pas moins de 200 enfants MRE participent annuellement \u00e0 des colonies de vacances organis\u00e9es par des institutionnels pendant la p\u00e9riode estivale.<\/p>\n<p class=\"p1\"><strong>De par votre proximit\u00e9 avec les MRE et plus sp\u00e9cialement les jeunes, quels sont les programmes que vous leur avez d\u00e9di\u00e9s ?<\/strong><\/p>\n<p class=\"p1\">En raison de l\u2019importance des jeunes MRE dans le tissu social de notre communaut\u00e9 \u00e0 l\u2019\u00e9tranger, nous avons d\u00e9velopp\u00e9, durant les deux derni\u00e8res ann\u00e9es, le programme des universit\u00e9s culturelles en concluant de nouveaux cadres de partenariat avec des universit\u00e9s marocaines et conseils r\u00e9gionaux. Ceci permet aujourd\u2019hui \u00e0 plus de 500 jeunes MRE de b\u00e9n\u00e9ficier annuellement de ce programme.<\/p>\n<p class=\"p1\">Ces jeunes, pendant des p\u00e9riodes de 3 jours \u00e0 une semaine, ont la possibilit\u00e9 de participer \u00e0 des conf\u00e9rences et d\u00e9bats sur des sujets d\u2019actualit\u00e9 qui sont encadr\u00e9s par des professeurs et chercheurs marocains exp\u00e9riment\u00e9s. A travers ce programme, ces jeunes MRE ont la possibilit\u00e9 \u00e9galement d\u2019effectuer des visites de terrain leur permettant de d\u00e9couvrir de pr\u00e8s les atouts socio-\u00e9conomiques de leur pays d\u2019origine, le Maroc.<\/p>\n<p class=\"p1\">C\u2019est ainsi qu\u2019a eu lieu la 11\u00e8me \u00e9dition de l\u2019universit\u00e9 d\u2019\u00e9t\u00e9 \u00e0 T\u00e9touan durant le mois de juillet. Plus d\u2019une centaine de jeunes MRE, en provenance de 14 pays d\u2019accueil, ont pu b\u00e9n\u00e9ficier d\u2019un programme riche et diversifi\u00e9, dont les sujets majeurs ont concern\u00e9 \u00able mod\u00e8le marocain de tol\u00e9rance et de dialogue interreligieux\u00bb, \u00abl\u2019int\u00e9grit\u00e9 territoriale du Maroc\u00bb et \u00ables grands chantiers de d\u00e9veloppement au Maroc\u00bb.<\/p>\n<p><a href=\"http:\/\/aujourdhui.ma\/wp-content\/uploads\/2019\/08\/Benoutiq-MRE-1.jpg?x29840\"><img loading=\"lazy\" decoding=\"async\" class=\"size-full wp-image-317154 aligncenter\" src=\"http:\/\/aujourdhui.ma\/wp-content\/uploads\/2019\/08\/Benoutiq-MRE-1.jpg?x29840\" alt=\"\" width=\"746\" height=\"380\" srcset=\"http:\/\/aujourdhui.ma\/wp-content\/uploads\/2019\/08\/Benoutiq-MRE-1.jpg 746w, http:\/\/aujourdhui.ma\/wp-content\/uploads\/2019\/08\/Benoutiq-MRE-1-300x153.jpg 300w\" sizes=\"auto, (max-width: 746px) 100vw, 746px\"\/><\/a><\/p>\n<p class=\"p1\"><strong>Vous avez lanc\u00e9 le mois dernier un vaste programme de tourn\u00e9es th\u00e9\u00e2trales. Quel en est le but ?<\/strong><\/p>\n<p class=\"p1\">Aujourd\u2019hui et face \u00e0 tout ce qui se passe dans le monde, nous sommes tout \u00e0 fait convaincus que la culture est en partie la r\u00e9ponse \u00e0 plusieurs maux qui sont \u00abmaladroitement\u00bb associ\u00e9s \u00e0 l\u2019immigration. Quand on sait que pr\u00e8s de cinq millions de Marocains r\u00e9sident \u00e0 l\u2019\u00e9tranger, faire conna\u00eetre la culture marocaine, aussi bien aupr\u00e8s des MRE que des soci\u00e9t\u00e9s de leurs pays d\u2019accueil, devient un imp\u00e9ratif. La culture avec son large spectre pr\u00e9sente plusieurs possibilit\u00e9s qui ont vocation de faciliter le dialogue et favoriser le rapprochement et la coh\u00e9sion sociale. L\u2019art th\u00e9\u00e2tral, vecteur culturel par excellence, ne peut qu\u2019encourager la concr\u00e9tisation de cette vocation. C\u2019est ainsi \u00e0 juste titre<span class=\"Apple-converted-space\">\u00a0<\/span> que le minist\u00e8re a r\u00e9cemment lanc\u00e9 un ambitieux programme. Des tourn\u00e9es th\u00e9\u00e2trales seront effectu\u00e9es par 70 troupes nationales dans plusieurs pays d\u2019accueil. Plus de 300 spectacles en arabe et amazigh seront jou\u00e9s d\u2019ici fin 2020 dans une vingtaine de pays.<span class=\"Apple-converted-space\">\u00a0<\/span> C\u2019est un travail de longue haleine que nous avons entrepris depuis le d\u00e9but de cette ann\u00e9e pour pr\u00e9parer ce programme. Un appel \u00e0 projets a \u00e9t\u00e9 lanc\u00e9 par le minist\u00e8re pour identifier et s\u00e9lectionner les pi\u00e8ces de th\u00e9\u00e2tre qui seront jou\u00e9es \u00e0 l\u2019\u00e9tranger au profit des MRE. Le processus de s\u00e9lection a \u00e9t\u00e9 men\u00e9 par une commission interminist\u00e9rielle.<span class=\"Apple-converted-space\">\u00a0<\/span> L\u2019\u00e9v\u00e9nement marquant le lancement officiel de ce programme a \u00e9t\u00e9 pr\u00e9sid\u00e9 par le chef de gouvernement le 25 juillet 2019 au Centre de conf\u00e9rences Mohammed VI \u00e0 Skhirat.<\/p>\n<p class=\"p1\"><strong>Le Maroc dispose d\u2019un formidable r\u00e9servoir de comp\u00e9tences \u00e0 travers le monde. Qu\u2019est-ce qui a \u00e9t\u00e9 r\u00e9alis\u00e9 \u00e0 ce jour pour mobiliser ces talents et que pr\u00e9voyez-vous comme actions \u00e0 l\u2019avenir dans ce sens ?<\/strong><\/p>\n<p class=\"p1\">Selon les derniers chiffres de l\u2019OCDE, les Marocains r\u00e9sidant \u00e0 l\u2019\u00e9tranger comptent plus de 400.000 personnes qui ont un niveau Bac +5 et plus de 8.000 m\u00e9decins. Ce vivier de comp\u00e9tences nous a pouss\u00e9s \u00e0 mettre en place une strat\u00e9gie visant la mobilisation de ces talents \u00e0 travers le r\u00e9seautage et la mise en relation entre ces comp\u00e9tences et les diff\u00e9rents partenaires au Maroc sur des projets concrets.<\/p>\n<p class=\"p1\">Dans ce sens nous avons lanc\u00e9 en juillet 2017 la 13\u00e8me R\u00e9gion d\u00e9di\u00e9e aux Entrepreneurs Marocains du Monde (MeM by CGEM) en partenariat avec la CGEM. Cette r\u00e9gion virtuelle est un espace d\u2019\u00e9change entre ces entrepreneurs et leurs homologues au Maroc et qui vise aussi \u00e0 les encourager \u00e0 s\u2019implanter au Maroc.<\/p>\n<p class=\"p1\">Aussi, nous avons r\u00e9alis\u00e9 en 2017 une \u00e9tude sur la contribution des comp\u00e9tences marocaines r\u00e9sidant \u00e0 l\u2019\u00e9tranger dans les chantiers de d\u00e9veloppement au Maroc et qui a d\u00e9gag\u00e9 plusieurs champs de comp\u00e9tences d\u00e9ficitaires ou non couverts par les profils disponibles sur le march\u00e9 marocain de l\u2019emploi et de l\u2019expertise, notamment l\u2019industrie, les \u00e9nergies renouvelables, l\u2019enseignement sup\u00e9rieur, l\u2019a\u00e9ronautique, la recherche scientifique et l\u2019agriculture.<\/p>\n<p class=\"p1\">Ces r\u00e9sultats nous ont permis d\u2019orienter notre d\u00e9marche en organisant des rencontres g\u00e9ographiques rassemblant des experts marocains d\u2019Allemagne (Tanger, octobre 2017), des Emirats Arabes Unis (Rabat, mars 2018), des Etats-Unis (Marrakech, avril 2018), ainsi que le Forum maroco-belge (Rabat, mars 2019), et th\u00e9matiques (femmes chefs d\u2019entreprises \u00e0 Marrakech en mars 2018, les experts marocains de France en nouvelles technologies \u00e0 Rabat en juillet 2018 et les experts marocains du Canada en a\u00e9ronautique \u00e0 Rabat en novembre 2018).<\/p>\n<p class=\"p1\">Ces derniers ont organis\u00e9, sous l\u2019\u00e9gide de notre minist\u00e8re et en partenariat avec l\u2019Universit\u00e9 Sidi Mohamed Ben Abdellah de F\u00e8s, la 1\u00e8re \u00e9dition de l\u2019Universit\u00e9 d\u2019\u00e9t\u00e9 en G\u00e9nie a\u00e9rospatial. Cette action r\u00e9ussie a permis de former des \u00e9l\u00e8ves ing\u00e9nieurs et des \u00e9tudiants dans les m\u00e9tiers de l\u2019a\u00e9ronautique et de cr\u00e9er des pistes de collaboration entre institutions marocaines et canadiennes.<\/p>\n<p class=\"p1\">11 formateurs MRE ont \u00e9t\u00e9 mobilis\u00e9s et 22 formations ont ainsi \u00e9t\u00e9 propos\u00e9es dans plusieurs disciplines telles que les sciences du vol, les charges et dynamiques, la conception de structures, la propulsion, les c\u00e2blages, la certification et la gestion de projets.<\/p>\n<p class=\"p1\">Concernant les actions futures, nous allons organiser courant 2020 en partenariat avec l\u2019Acad\u00e9mie du Royaume du Maroc et l\u2019Universit\u00e9 Internationale de Rabat un Forum de mobilisation d\u2019experts internationalement reconnus dans les domaines scientifiques.<\/p>\n<p class=\"p1\">Aussi, nous allons poursuivre notre action de mobilisation \u00e0 travers des forums g\u00e9ographiques (avec les comp\u00e9tences marocaines r\u00e9sidant aux Pays-Bas, en Espagne et en Italie) et th\u00e9matiques (sant\u00e9, astronomie et agroalimentaire).<\/p>\n<p>Auteur: Kawtar Tali<br \/>\n<a href=\"http:\/\/aujourdhui.ma\/societe\/abdelkrim-benoutiq-la-culture-est-en-partie-la-reponse-a-plusieurs-maux-associes-a-limmigration\">Cliquez ici pour lire l&rsquo;article depuis sa source.<\/a><\/p>\n","protected":false},"excerpt":{"rendered":"<p>Entretien avec Abdelkrim Benoutiq, ministre d\u00e9l\u00e9gu\u00e9 charg\u00e9 des MRE\u00a0et des affaires de la migration Quand on sait que pr\u00e8s de cinq millions de Marocains r\u00e9sident \u00e0 l\u2019\u00e9tranger, faire conna\u00eetre la culture marocaine, aussi bien aupr\u00e8s des MRE que des soci\u00e9t\u00e9s de leurs pays d\u2019accueil, devient un imp\u00e9ratif. ALM : Pourquoi avez-vous choisi l\u2019offre culturelle comme [&hellip;]<\/p>\n","protected":false},"author":1759,"featured_media":0,"comment_status":"closed","ping_status":"closed","sticky":false,"template":"","format":"standard","meta":{"fifu_image_url":"","fifu_image_alt":"","footnotes":""},"categories":[73,54],"tags":[],"class_list":["post-58552","post","type-post","status-publish","format-standard","hentry","category-actualite","category-maroc"],"_links":{"self":[{"href":"https:\/\/linitiative.ca\/International\/wp-json\/wp\/v2\/posts\/58552","targetHints":{"allow":["GET"]}}],"collection":[{"href":"https:\/\/linitiative.ca\/International\/wp-json\/wp\/v2\/posts"}],"about":[{"href":"https:\/\/linitiative.ca\/International\/wp-json\/wp\/v2\/types\/post"}],"author":[{"embeddable":true,"href":"https:\/\/linitiative.ca\/International\/wp-json\/wp\/v2\/users\/1759"}],"replies":[{"embeddable":true,"href":"https:\/\/linitiative.ca\/International\/wp-json\/wp\/v2\/comments?post=58552"}],"version-history":[{"count":0,"href":"https:\/\/linitiative.ca\/International\/wp-json\/wp\/v2\/posts\/58552\/revisions"}],"wp:attachment":[{"href":"https:\/\/linitiative.ca\/International\/wp-json\/wp\/v2\/media?parent=58552"}],"wp:term":[{"taxonomy":"category","embeddable":true,"href":"https:\/\/linitiative.ca\/International\/wp-json\/wp\/v2\/categories?post=58552"},{"taxonomy":"post_tag","embeddable":true,"href":"https:\/\/linitiative.ca\/International\/wp-json\/wp\/v2\/tags?post=58552"}],"curies":[{"name":"wp","href":"https:\/\/api.w.org\/{rel}","templated":true}]}}