{"id":58553,"date":"2019-08-20T04:08:40","date_gmt":"2019-08-20T08:08:40","guid":{"rendered":"https:\/\/linitiative.ca\/International\/un-service-militaire-au-service-de-la-jeunesse\/"},"modified":"2019-08-20T04:08:40","modified_gmt":"2019-08-20T08:08:40","slug":"un-service-militaire-au-service-de-la-jeunesse","status":"publish","type":"post","link":"https:\/\/linitiative.ca\/International\/un-service-militaire-au-service-de-la-jeunesse\/","title":{"rendered":"Un service militaire au service de la jeunesse"},"content":{"rendered":"<p><img decoding=\"async\" class=\"post_layout_5_img\" src=\"http:\/\/aujourdhui.ma\/wp-content\/uploads\/2019\/08\/service-militaire-soldats-.jpg?x29840\" alt=\"Un service militaire au service de la jeunesse\"\/><\/p>\n<p class=\"p1\"><span class=\"c4\"><strong>Le Maroc a r\u00e9activ\u00e9 ce dispositif pour ouvrir devant les jeunes\u00a0<\/strong><strong>de nouvelles perspectives<\/strong><\/span><span id=\"more-317110\"\/><\/p>\n<div class=\"base-box mom_box_sc_custom mom_box_sc clear c5\" readability=\"11\">\n<p class=\"p1\"><strong><span class=\"s1\">\u00abLe service militaire renforce le sentiment d\u2019appartenance nationale. Il permet aussi de b\u00e9n\u00e9ficier d\u2019une formation et d\u2019un entra\u00eenement qui offrent des opportunit\u00e9s d\u2019insertion socio-professionnelle aux conscrits capables de faire valoir leurs comp\u00e9tences, leur sens de l\u2019engagement et des responsabilit\u00e9s\u00bb<\/span><\/strong><\/p>\n<\/div>\n<p class=\"p1\"><span class=\"s1\">Le service militaire vient d\u2019\u00eatre r\u00e9activ\u00e9 au Maroc. Un service qui vise notamment \u00e0 ouvrir de nouvelles perspectives principalement devant la jeunesse marocaine. Dans ce sens, SM le Roi est revenu sur la question dans un discours royal prononc\u00e9 \u00e0 l\u2019ouverture de la premi\u00e8re session de la troisi\u00e8me ann\u00e9e l\u00e9gislative de la 10\u00e8me l\u00e9gislature. <em>\u00abNos importantes orientations ayant trait aux questions de l\u2019emploi, de l\u2019enseignement, de la formation professionnelle, du service militaire sont destin\u00e9es \u00e0 am\u00e9liorer les conditions de vie des citoyens en g\u00e9n\u00e9ral et des jeunes en particulier, \u00e0 les mettre en capacit\u00e9 de servir leur patrie\u00bb<\/em>, a dit le Souverain.<\/span><\/p>\n<p class=\"p1\"><span class=\"s1\">Et de poursuivre : <em>\u00abEn effet, le service militaire renforce le sentiment d\u2019appartenance nationale. Il permet aussi de b\u00e9n\u00e9ficier d\u2019une formation et d\u2019un entra\u00eenement qui offrent des opportunit\u00e9s d\u2019insertion socio-professionnelle aux conscrits capables de faire valoir leurs comp\u00e9tences, leur sens de l\u2019engagement et des responsabilit\u00e9s. A cet \u00e9gard, il faut souligner que tous les Marocains concern\u00e9s par le service militaire, sans exception, sont \u00e9gaux en la mati\u00e8re et ce, ind\u00e9pendamment de leur classe sociale, de leurs dipl\u00f4mes et de leur niveau d\u2019instruction\u00bb<\/em>.<\/span><\/p>\n<p><a href=\"http:\/\/aujourdhui.ma\/wp-content\/uploads\/2019\/08\/service-militaire-soldats-feminin.jpg?x29840\"><img loading=\"lazy\" decoding=\"async\" class=\"size-full wp-image-317113 aligncenter\" src=\"http:\/\/aujourdhui.ma\/wp-content\/uploads\/2019\/08\/service-militaire-soldats-feminin.jpg?x29840\" alt=\"\" width=\"746\" height=\"380\" srcset=\"http:\/\/aujourdhui.ma\/wp-content\/uploads\/2019\/08\/service-militaire-soldats-feminin.jpg 746w, http:\/\/aujourdhui.ma\/wp-content\/uploads\/2019\/08\/service-militaire-soldats-feminin-300x153.jpg 300w\" sizes=\"auto, (max-width: 746px) 100vw, 746px\"\/><\/a><\/p>\n<p class=\"p1\"><span class=\"s1\">Au cours du mois de f\u00e9vrier dernier, le Souverain avait pr\u00e9sid\u00e9 un Conseil des ministres au Palais royal de Marrakech, au cours duquel deux projets de d\u00e9cret relatifs au domaine militaire et concernant l\u2019application des dispositions de la loi 44-18 relative au service militaire, ont \u00e9t\u00e9 adopt\u00e9s. Ces deux projets visent respectivement \u00e0 fixer les modalit\u00e9s de recensement, de s\u00e9lection et d\u2019enr\u00f4lement des assujettis au service militaire et la proc\u00e9dure suivie pour l\u2019exemption de ce service, ainsi que la proc\u00e9dure de d\u00e9claration spontan\u00e9e permettant aux personnes de sexe f\u00e9minin et aux Marocains r\u00e9sidant \u00e0 l\u2019\u00e9tranger de remplir de leur propre initiative le formulaire de recensement, outre l\u2019indemnit\u00e9 sp\u00e9ciale concernant les charges des conscrits dans la zone sud et le salaire ainsi que les indemnit\u00e9s d\u00e9cid\u00e9s en faveur des agents de r\u00e9serve qui seront recrut\u00e9s \u00e0 nouveau.<\/span><\/p>\n<p class=\"p1\"><span class=\"s1\">Dans le cadre de la mise en \u0153uvre de la loi relative au service militaire, SM le Roi Mohammed VI, Chef supr\u00eame et Chef d\u2019Etat-Major G\u00e9n\u00e9ral des Forces Arm\u00e9es Royales, a donn\u00e9 ses Hautes instructions pour que le nombre des appel\u00e9s au service militaire atteigne 10.000 durant l\u2019ann\u00e9e en cours, avant de porter ce chiffre \u00e0 15.000 durant l\u2019ann\u00e9e prochaine. Par ailleurs, l\u2019orientation royale vise \u00e9galement \u00e0 encourager toutes les actions de solidarit\u00e9 et de b\u00e9n\u00e9volat au sein de la soci\u00e9t\u00e9. Ainsi, le Souverain a indiqu\u00e9 dans le discours prononc\u00e9 devant les parlementaires que <em>\u00ables liens d\u2019unit\u00e9 et de coh\u00e9sion entre les Marocains ne se limitent pas \u00e0 l\u2019aspect ext\u00e9rieur.<\/em><\/span><\/p>\n<p class=\"p1\"><span class=\"s1\"><em>Ils puisent, au-del\u00e0, dans les valeurs de fraternit\u00e9 et de concorde, si profond\u00e9ment enracin\u00e9es dans les c\u0153urs, et dans l\u2019esprit de solidarit\u00e9 qui les unit dans les heures fastes comme dans les \u00e9preuves difficiles. Nous veillons \u00e0 raffermir ces liens ind\u00e9fectibles qui unissent les Marocains depuis toujours. Pour cela, Nous nous attachons \u00e0 adopter des politiques sociales efficaces, \u00e0 faciliter et encourager toute initiative solidaire, \u00e0 quelque niveau que ce soit\u00bb.<\/em> Dans ce sens, SM le Roi a appel\u00e9 \u00e0 <em>\u00abune simplification des proc\u00e9dures susceptibles d\u2019encourager les diff\u00e9rentes formes de dons, d\u2019actions b\u00e9n\u00e9voles et d\u2019\u0153uvres caritatives et d\u2019appuyer initiatives sociales et entreprises citoyennes\u00bb. \u00abIl convient aussi de mettre en place de nouveaux m\u00e9canismes susceptibles de renforcer la contribution du secteur priv\u00e9 dans la promotion du social, et de l\u2019inciter \u00e0 prendre une part active dans l\u2019am\u00e9lioration des prestations offertes aux citoyens. Cette contribution doit se faire aussi bien dans le cadre de la responsabilit\u00e9 soci\u00e9tale des entreprises qu\u2019\u00e0 travers le lancement de partenariats public-priv\u00e9 dans le domaine social\u00bb<\/em>, a conclu le Souverain.<\/span><\/p>\n<p>Auteur: ALM<br \/>\n<a href=\"http:\/\/aujourdhui.ma\/actualite\/un-service-militaire-au-service-de-la-jeunesse\">Cliquez ici pour lire l&rsquo;article depuis sa source.<\/a><\/p>\n","protected":false},"excerpt":{"rendered":"<p>Le Maroc a r\u00e9activ\u00e9 ce dispositif pour ouvrir devant les jeunes\u00a0de nouvelles perspectives \u00abLe service militaire renforce le sentiment d\u2019appartenance nationale. Il permet aussi de b\u00e9n\u00e9ficier d\u2019une formation et d\u2019un entra\u00eenement qui offrent des opportunit\u00e9s d\u2019insertion socio-professionnelle aux conscrits capables de faire valoir leurs comp\u00e9tences, leur sens de l\u2019engagement et des responsabilit\u00e9s\u00bb Le service militaire [&hellip;]<\/p>\n","protected":false},"author":1759,"featured_media":0,"comment_status":"closed","ping_status":"closed","sticky":false,"template":"","format":"standard","meta":{"fifu_image_url":"","fifu_image_alt":"","footnotes":""},"categories":[73,54],"tags":[],"class_list":["post-58553","post","type-post","status-publish","format-standard","hentry","category-actualite","category-maroc"],"_links":{"self":[{"href":"https:\/\/linitiative.ca\/International\/wp-json\/wp\/v2\/posts\/58553","targetHints":{"allow":["GET"]}}],"collection":[{"href":"https:\/\/linitiative.ca\/International\/wp-json\/wp\/v2\/posts"}],"about":[{"href":"https:\/\/linitiative.ca\/International\/wp-json\/wp\/v2\/types\/post"}],"author":[{"embeddable":true,"href":"https:\/\/linitiative.ca\/International\/wp-json\/wp\/v2\/users\/1759"}],"replies":[{"embeddable":true,"href":"https:\/\/linitiative.ca\/International\/wp-json\/wp\/v2\/comments?post=58553"}],"version-history":[{"count":0,"href":"https:\/\/linitiative.ca\/International\/wp-json\/wp\/v2\/posts\/58553\/revisions"}],"wp:attachment":[{"href":"https:\/\/linitiative.ca\/International\/wp-json\/wp\/v2\/media?parent=58553"}],"wp:term":[{"taxonomy":"category","embeddable":true,"href":"https:\/\/linitiative.ca\/International\/wp-json\/wp\/v2\/categories?post=58553"},{"taxonomy":"post_tag","embeddable":true,"href":"https:\/\/linitiative.ca\/International\/wp-json\/wp\/v2\/tags?post=58553"}],"curies":[{"name":"wp","href":"https:\/\/api.w.org\/{rel}","templated":true}]}}