{"id":58555,"date":"2019-08-20T08:18:41","date_gmt":"2019-08-20T12:18:41","guid":{"rendered":"https:\/\/linitiative.ca\/International\/coupures-deau-durant-laid-rapport-accablant-pour-la-sonede\/"},"modified":"2019-08-20T08:18:41","modified_gmt":"2019-08-20T12:18:41","slug":"coupures-deau-durant-laid-rapport-accablant-pour-la-sonede","status":"publish","type":"post","link":"https:\/\/linitiative.ca\/International\/coupures-deau-durant-laid-rapport-accablant-pour-la-sonede\/","title":{"rendered":"Coupures d\u2019eau durant l\u2019A\u00efd : Rapport accablant pour la SONEDE"},"content":{"rendered":"<p>\u00ab La Soci\u00e9t\u00e9 nationale d\u2019exploitation et de distribution des eaux (SONEDE) a fait preuve d\u2019incapacit\u00e9 \u00e0 moderniser ses infrastructures et ses modes de gestion et d\u2019action pour r\u00e9pondre \u00e0 la demande croissante en eau \u00bb, a indiqu\u00e9 Ameur Horchani, pr\u00e9sident de la Commission charg\u00e9e de l\u2019\u00e9valuation de la gestion de l\u2019eau potable.<\/p>\n<p>\u00ab Les besoins exceptionnels en eau potable le jour de l\u2019A\u00efd, les fortes chaleurs et la forte demande en eau du secteur touristique sont les principales causes des perturbations d\u2019approvisionnement en eau potable enregistr\u00e9es durant les jours de l\u2019A\u00efd Al-Idha (10,11 et 12 Ao\u00fbt) \u00ab , a-t-il ajout\u00e9, lors d\u2019une conf\u00e9rence de presse tenue au si\u00e8ge du minist\u00e8re pour pr\u00e9senter le rapport de la commission concernant ces perturbations.<\/p>\n<p>Horchani a \u00e9pingl\u00e9 la lenteur des interventions lors de coupures critiquant le fait de se contenter des solutions techniques sans apporter la moindre assistance aux citoyens concern\u00e9s \u00e0 (Distribution d\u2019eau potable par citernes\u2026)<\/p>\n<p>Il a aussi critiqu\u00e9 l\u2019absence d\u2019une salle d\u2019op\u00e9rations \u00e0 la SONEDE, laquelle devrait assurer la gestion des crises, recommandant la mobilisation des financements n\u00e9cessaires pour permettre \u00e0 la SONEDE de moderniser ses infrastructures, d\u00e9velopper ses modes de gestion et d\u2019intervention et r\u00e9aliser des projets structurants (centre de traitement des eaux \u00e0 B\u00e9jaoua, programme national de dessalement, r\u00e9seaux ruraux d\u2019eau potable\u2026).<\/p>\n<p>De son c\u00f4t\u00e9, le ministre de l\u2019agriculture, des ressources hydrauliques et de la p\u00eache, Samir Taieb, a fait remarquer que \u00ab certaines coupures sont dues \u00e0 des actes de vol d\u2019\u00e9lectricit\u00e9 \u00e0 l\u2019instar de ce qui s\u2019est pass\u00e9 \u00e0 Sfax \u00bb, soulignant que \u00ab 12 personnes ont \u00e9t\u00e9 interpell\u00e9es, la nuit de l\u2019A\u00efd, pour vol d\u2019\u00e9lectricit\u00e9 et forage anarchique de puits \u00bb.<\/p>\n<p>Pour le PDG de la SONEDE, Mosbah H\u00e9lali, pr\u00e9sent \u00e0 cette conf\u00e9rence, toutes les pannes enregistr\u00e9es le jour de l\u2019A\u00efd (50 pannes) ont \u00e9t\u00e9 r\u00e9par\u00e9es. Quelque 60 \u00e0 70 pannes sont quotidiennement enregistr\u00e9es sur tout le territoire, selon lui.<\/p>\n<p>D\u2019apr\u00e8s le rapport de la commission de l\u2019\u00e9valuation de la gestion de l\u2019eau potable, 112 coupures ont \u00e9t\u00e9 enregistr\u00e9es durant les jours de l\u2019A\u00efd (10, 11 et 12 ao\u00fbt 2019) touchant 105 mille abonn\u00e9s, dont 64 coupures ont eu lieu le jour m\u00eame de l\u2019A\u00efd (11 ao\u00fbt 2019) et concern\u00e9 90 mille abonn\u00e9s.<\/p>\n<p>Selon la m\u00eame source, la consommation en eau potable a atteint 730 mille m3 le jour de l\u2019A\u00efd contre 615 mille m3 le m\u00eame jour en 2018, soit une hausse de 19%. Les quantit\u00e9s d\u2019eau trait\u00e9es par l\u2019Office national de l\u2019assainissement ont augment\u00e9 de 18,8% par rapport \u00e0 2018.<\/p>\n<p class=\"dpsp-share-text\">Partager c&rsquo;est aimer!<\/p>\n<div class=\"wp-post-author-wrap wp-post-author-shortcode left\">\n<h3 class=\"awpa-title\"\/>\n<div class=\"wp-post-author\">\n<div class=\"awpa-img awpa-author-block square\"><a href=\"http:\/\/lexpertjournal.net\/fr\/author\/expert\/\"><img loading=\"lazy\" decoding=\"async\" alt=\"\" src=\"http:\/\/2.gravatar.com\/avatar\/56d99be2a6f97af88ccb49fada637fcd?s=150&#038;d=mm&#038;r=g\" srcset=\"http:\/\/2.gravatar.com\/avatar\/56d99be2a6f97af88ccb49fada637fcd?s=300&#038;d=mm&#038;r=g 2x\" class=\"avatar avatar-150 photo\" height=\"150\" width=\"150\"\/><\/a><\/div>\n<\/div>\n<\/div>\n<p>Auteur: L&rsquo;expert<br \/>\n<a href=\"http:\/\/lexpertjournal.net\/fr\/2019\/08\/20\/coupures-deau-durant-laid-rapport-accablant-pour-la-sonede\/\">Cliquez ici pour lire l&rsquo;article depuis sa source.<\/a><\/p>\n","protected":false},"excerpt":{"rendered":"<p>\u00ab La Soci\u00e9t\u00e9 nationale d\u2019exploitation et de distribution des eaux (SONEDE) a fait preuve d\u2019incapacit\u00e9 \u00e0 moderniser ses infrastructures et ses modes de gestion et d\u2019action pour r\u00e9pondre \u00e0 la demande croissante en eau \u00bb, a indiqu\u00e9 Ameur Horchani, pr\u00e9sident de la Commission charg\u00e9e de l\u2019\u00e9valuation de la gestion de l\u2019eau potable. \u00ab Les besoins [&hellip;]<\/p>\n","protected":false},"author":1775,"featured_media":0,"comment_status":"closed","ping_status":"closed","sticky":false,"template":"","format":"standard","meta":{"fifu_image_url":"","fifu_image_alt":"","footnotes":""},"categories":[78,55],"tags":[],"class_list":["post-58555","post","type-post","status-publish","format-standard","hentry","category-economie","category-tunisie"],"_links":{"self":[{"href":"https:\/\/linitiative.ca\/International\/wp-json\/wp\/v2\/posts\/58555","targetHints":{"allow":["GET"]}}],"collection":[{"href":"https:\/\/linitiative.ca\/International\/wp-json\/wp\/v2\/posts"}],"about":[{"href":"https:\/\/linitiative.ca\/International\/wp-json\/wp\/v2\/types\/post"}],"author":[{"embeddable":true,"href":"https:\/\/linitiative.ca\/International\/wp-json\/wp\/v2\/users\/1775"}],"replies":[{"embeddable":true,"href":"https:\/\/linitiative.ca\/International\/wp-json\/wp\/v2\/comments?post=58555"}],"version-history":[{"count":0,"href":"https:\/\/linitiative.ca\/International\/wp-json\/wp\/v2\/posts\/58555\/revisions"}],"wp:attachment":[{"href":"https:\/\/linitiative.ca\/International\/wp-json\/wp\/v2\/media?parent=58555"}],"wp:term":[{"taxonomy":"category","embeddable":true,"href":"https:\/\/linitiative.ca\/International\/wp-json\/wp\/v2\/categories?post=58555"},{"taxonomy":"post_tag","embeddable":true,"href":"https:\/\/linitiative.ca\/International\/wp-json\/wp\/v2\/tags?post=58555"}],"curies":[{"name":"wp","href":"https:\/\/api.w.org\/{rel}","templated":true}]}}