{"id":58560,"date":"2019-08-20T13:04:01","date_gmt":"2019-08-20T17:04:01","guid":{"rendered":"https:\/\/linitiative.ca\/International\/bouira-hommage-au-martyr-de-la-revolution-nationale-amrouche-mouloud\/"},"modified":"2019-08-20T13:04:01","modified_gmt":"2019-08-20T17:04:01","slug":"bouira-hommage-au-martyr-de-la-revolution-nationale-amrouche-mouloud","status":"publish","type":"post","link":"https:\/\/linitiative.ca\/International\/bouira-hommage-au-martyr-de-la-revolution-nationale-amrouche-mouloud\/","title":{"rendered":"Bouira: hommage au martyr de la r\u00e9volution nationale Amrouche  Mouloud"},"content":{"rendered":"<div>\n<div class=\"K2FeedImage\"><img decoding=\"async\" src=\"http:\/\/www.aps.dz\/media\/k2\/items\/cache\/65cea5779452e1f4409f41f107a45b1e_S.jpg\" alt=\"Bouira: hommage au martyr de la r\u00e9volution nationale Amrouche  Mouloud\"><\/div>\n<div class=\"K2FeedIntroText\">\n<p><strong>BOUIRA &#8211; Un vibrant hommage a \u00e9t\u00e9 rendu par la Maison de la culture Ali Za\u00e2moum de Bouira au martyr de la r\u00e9volution nationale,\u00a0 Amrouche Mouloud dans le cadre des festivit\u00e9s c\u00e9l\u00e9brant la journ\u00e9e nationale du Moudjahid.<\/strong><\/p>\n<\/div>\n<div class=\"K2FeedFullText\">\n<p>\u00ab\u00a0Le martyr Amrouche Mouloud restera un monument dans l\u2019histoire de la Guerre de lib\u00e9ration nationale, et nous comptons aussi organiser un colloque pour lui rendre un autre hommage l\u2019ann\u00e9e prochaine\u00a0\u00bb, a indiqu\u00e9 \u00e0 l\u2019APS, la directrice de la maison de la Culture, Saliha Chirbi.<\/p>\n<p>Au cours d\u2019une conf\u00e9rence anim\u00e9e par d\u2019anciens moudjahidine, l\u2019ancien colonel de l\u2019Arm\u00e9e de lib\u00e9ration nationale (ALN), Abdellah Dell\u00e8s, a t\u00e9moign\u00e9 du parcours glorieux du lieutenant Si Lmouloud Awaqour, de son vrai nom Amrouche Mouloud, tomb\u00e9 au champ d\u2019honneur le\u00a0 28 juin 1957 au cours de la bataille d&rsquo;Iwakour\u00e8ne, une \u00e9pop\u00e9e illustre dans la m\u00e9moire de la wilaya III historique.<\/p>\n<p>\u00ab\u00a0Si Lmouloud \u00e9tait un homme courageux et d\u00e9termin\u00e9 qui \u00e9tait toujours au devant des rangs de l\u2019ALN\u00a0\u00bb, a t\u00e9moign\u00e9 l\u2019ancien moudjahid Abdellah Delles dans son intervention.<\/p>\n<p>Amrouche Mouloud, est n\u00e9 le 12 d\u00e9cembre 1912 au village Thaddarth Lejdid\u00a0 relevant \u00e0 l\u2019\u00e9poque de la commune de Saharidj (Est de Bouira).<\/p>\n<p>Selon les t\u00e9moignages livr\u00e9s par Abdellah Delles et l\u2019ancien moudjahid Abdi Salah, le martyr Amrouche Mouloud\u00a0 a suivi ses premi\u00e8res \u00e9tudes dans son village natal d\u2019Iwaqouren, avant de rejoindre en 1934 les rangs du mouvement national \u00e0 Constantine, en compagnie de son fr\u00e8re a\u00een\u00e9 Ahmed Amrouche, un des premiers militants de la cause national dans la r\u00e9gion de Bouira.<\/p>\n<p>Apr\u00e8s l\u2019arrestation d&rsquo;Ahmed, Si Lmouloud regagne Jijel, o\u00f9 il continua \u00e0 militer au c\u00f4t\u00e9 d\u2019autres compagnons. De 1947 \u00e0 1950, Si Lmouloud avait assum\u00e9 de hautes responsabilit\u00e9s au sein de l\u2019Organisation sp\u00e9ciale (OS) \u00e0 Jijel.<\/p>\n<p>En 1952, il fut arr\u00eat\u00e9 par les forces coloniales et emprisonn\u00e9 en compagnie de Abane Remdane et d&rsquo;autres militants de l&rsquo;OS, \u00e0 Toul-Nancy, en France, avant d&rsquo;\u00eatre lib\u00e9r\u00e9 en 1954, puis il retourna revint \u00e0 son village natal d&rsquo;Iwakour\u00e8ne. Contact\u00e9 par le front de lib\u00e9ration nationale (FLN), il rejoignit vite la r\u00e9volution et prit part, par la suite, au Congr\u00e8s de la Soummam.<\/p>\n<p>Promu au grade de lieutenant politico-militaire, nomm\u00e9 chef de la zone II de la wilaya III, Si Lmouloud, contribua \u00e0 l&rsquo;organisation de la r\u00e9volution, notamment apr\u00e8s qu&rsquo;on lui eut confi\u00e9 l&rsquo;inspection des zones dans la wilaya III, ont t\u00e9moign\u00e9 les conf\u00e9renciers.<\/p>\n<p>Il organisa remarquablement les troupes de l&rsquo;ALN, et avait eu d&rsquo;importantes \u00a0\u00bbactions d&rsquo;\u00e9clat\u00a0\u00bb qui redonn\u00e8rent l&rsquo;ardeur \u00e0 ses compagnons. En juin 1957, une bataille s\u2019\u00e9clata entre un groupe de Moudjahidines, dont Si Lmouloud, et les troupes de l\u2019arm\u00e9e fran\u00e7aise qui leur ont tendus une embuscade \u00e0 un kilom\u00e8tre du village Lejdid \u00e0 Iwaqouren.<\/p>\n<p>Si Lmouloud a \u00e9t\u00e9 assassin\u00e9 sur le champ de bataille pr\u00e8s plusieurs heures d\u2019une r\u00e9sistance farouche, selon les t\u00e9moignages des\u00a0 moudjahidines pr\u00e9sents \u00e0 la conf\u00e9rence.<\/p>\n<\/div>\n<\/div>\n<p>Auteur:<br \/>\n<a href=\"http:\/\/www.aps.dz\/culture\/93344-bouira-rend-un-vibrant-hommage-au-martyr-de-la-revolution-nationale-amrouche-mouloud\">Cliquez ici pour lire l&rsquo;article depuis sa source.<\/a><\/p>\n","protected":false},"excerpt":{"rendered":"<p>BOUIRA &#8211; Un vibrant hommage a \u00e9t\u00e9 rendu par la Maison de la culture Ali Za\u00e2moum de Bouira au martyr de la r\u00e9volution nationale,\u00a0 Amrouche Mouloud dans le cadre des festivit\u00e9s c\u00e9l\u00e9brant la journ\u00e9e nationale du Moudjahid. \u00ab\u00a0Le martyr Amrouche Mouloud restera un monument dans l\u2019histoire de la Guerre de lib\u00e9ration nationale, et nous comptons [&hellip;]<\/p>\n","protected":false},"author":1790,"featured_media":58561,"comment_status":"closed","ping_status":"closed","sticky":false,"template":"","format":"standard","meta":{"fifu_image_url":"","fifu_image_alt":"","footnotes":""},"categories":[53,79],"tags":[],"class_list":["post-58560","post","type-post","status-publish","format-standard","has-post-thumbnail","hentry","category-algerie","category-culture"],"_links":{"self":[{"href":"https:\/\/linitiative.ca\/International\/wp-json\/wp\/v2\/posts\/58560","targetHints":{"allow":["GET"]}}],"collection":[{"href":"https:\/\/linitiative.ca\/International\/wp-json\/wp\/v2\/posts"}],"about":[{"href":"https:\/\/linitiative.ca\/International\/wp-json\/wp\/v2\/types\/post"}],"author":[{"embeddable":true,"href":"https:\/\/linitiative.ca\/International\/wp-json\/wp\/v2\/users\/1790"}],"replies":[{"embeddable":true,"href":"https:\/\/linitiative.ca\/International\/wp-json\/wp\/v2\/comments?post=58560"}],"version-history":[{"count":0,"href":"https:\/\/linitiative.ca\/International\/wp-json\/wp\/v2\/posts\/58560\/revisions"}],"wp:featuredmedia":[{"embeddable":true,"href":"https:\/\/linitiative.ca\/International\/wp-json\/"}],"wp:attachment":[{"href":"https:\/\/linitiative.ca\/International\/wp-json\/wp\/v2\/media?parent=58560"}],"wp:term":[{"taxonomy":"category","embeddable":true,"href":"https:\/\/linitiative.ca\/International\/wp-json\/wp\/v2\/categories?post=58560"},{"taxonomy":"post_tag","embeddable":true,"href":"https:\/\/linitiative.ca\/International\/wp-json\/wp\/v2\/tags?post=58560"}],"curies":[{"name":"wp","href":"https:\/\/api.w.org\/{rel}","templated":true}]}}