{"id":58563,"date":"2019-08-20T09:54:00","date_gmt":"2019-08-20T13:54:00","guid":{"rendered":"https:\/\/linitiative.ca\/International\/rejet-des-syndicats-ayant-participe-au-dialogue\/"},"modified":"2019-08-20T09:54:00","modified_gmt":"2019-08-20T13:54:00","slug":"rejet-des-syndicats-ayant-participe-au-dialogue","status":"publish","type":"post","link":"https:\/\/linitiative.ca\/International\/rejet-des-syndicats-ayant-participe-au-dialogue\/","title":{"rendered":"Rejet des syndicats ayant particip\u00e9 au dialogue"},"content":{"rendered":"<div id=\"originalText\" readability=\"28\">\n<p class=\"c10\">Des centaines d&rsquo;\u00e9tudiants ont manifest\u00e9 ce mardi pour la 26e semaine cons\u00e9cutive \u00e0 Alger pour le d\u00e9part du syst\u00e8me. Les manifestants qui ont commenc\u00e9 \u00e0 se rassembler \u00e0 la Place des martyrs vers 10h, ont clam\u00e9 \u00ab\u00a0dawla madania machi a\u00e2skaria, (Etat civil et non militaire, ndlr)\u00a0\u00bb.<\/p>\n<p><iframe loading=\"lazy\" allow=\"accelerometer; autoplay; encrypted-media; gyroscope; picture-in-picture\" allowfullscreen=\"\" frameborder=\"0\" height=\"315\" src=\"https:\/\/www.youtube.com\/embed\/9joqqPwQvI4\" width=\"560\">[embedded content]<\/iframe><\/p>\n<p><iframe loading=\"lazy\" allow=\"accelerometer; autoplay; encrypted-media; gyroscope; picture-in-picture\" allowfullscreen=\"\" frameborder=\"0\" height=\"315\" src=\"https:\/\/www.youtube.com\/embed\/21kNH-S2bkE\" width=\"560\">[embedded content]<\/iframe><\/p>\n<p class=\"c10\">Drapeaux, banderoles et pancartes en mains, ils ont march\u00e9 massivement vers le boulevard Amirouche et la rue Didouche Mourad en d\u00e9non\u00e7ant \u00ab\u00a0makach hiwara ma\u00e2 el issabate, (pas de dialogue avec la bande mafieuse, ndlr)\u00a0\u00bb.<\/p>\n<p><iframe loading=\"lazy\" allow=\"accelerometer; autoplay; encrypted-media; gyroscope; picture-in-picture\" allowfullscreen=\"\" frameborder=\"0\" height=\"315\" src=\"https:\/\/www.youtube.com\/embed\/gQB9h_Bkfbs\" width=\"560\">[embedded content]<\/iframe><\/p>\n<p class=\"c10\">Par ailleurs, les \u00e9tudiants ont exprim\u00e9 leur rejet au panel de dialogue et de m\u00e9diation en scandant et les syndicats \u00e9tudiants qui y participent.<\/p>\n<p><iframe loading=\"lazy\" allow=\"accelerometer; autoplay; encrypted-media; gyroscope; picture-in-picture\" allowfullscreen=\"\" frameborder=\"0\" height=\"315\" src=\"https:\/\/www.youtube.com\/embed\/HK4ByUHcXkA\" width=\"560\">[embedded content]<\/iframe><\/p>\n<p class=\"c10\">Il est \u00e0 signaler qu&rsquo;un manifestant brandissant le drapeau Amazigh a \u00e9t\u00e9 interpell\u00e9 par les policiers, pas loin de l&rsquo;esplanade de la Grande Poste.<\/p>\n<p><iframe loading=\"lazy\" allowfullscreen=\"true\" allowtransparency=\"true\" frameborder=\"0\" height=\"271\" scrolling=\"no\" src=\"https:\/\/www.facebook.com\/plugins\/video.php?href=https%3A%2F%2Fwww.facebook.com%2FLiberte.arabic%2Fvideos%2F1581498315317252%2F&#038;show_text=0&#038;width=560\" class=\"c11\" width=\"560\">[embedded content]<\/iframe><\/p>\n<p class=\"c10\">\u00a0<\/p>\n<p class=\"c12\"><strong>Im\u00e8ne AMOKRANE<\/strong><\/p>\n<\/div>\n<div id=\"text_core\" readability=\"28\">\n<p class=\"c10\">Des centaines d&rsquo;\u00e9tudiants ont manifest\u00e9 ce mardi pour la 26e semaine cons\u00e9cutive \u00e0 Alger pour le d\u00e9part du syst\u00e8me. Les manifestants qui ont commenc\u00e9 \u00e0 se rassembler \u00e0 la Place des martyrs vers 10h, ont clam\u00e9 \u00ab\u00a0dawla madania machi a\u00e2skaria, (Etat civil et non militaire, ndlr)\u00a0\u00bb.<\/p>\n<p><iframe loading=\"lazy\" allow=\"accelerometer; autoplay; encrypted-media; gyroscope; picture-in-picture\" allowfullscreen=\"\" frameborder=\"0\" height=\"315\" src=\"https:\/\/www.youtube.com\/embed\/9joqqPwQvI4\" width=\"560\">[embedded content]<\/iframe><\/p>\n<p><iframe loading=\"lazy\" allow=\"accelerometer; autoplay; encrypted-media; gyroscope; picture-in-picture\" allowfullscreen=\"\" frameborder=\"0\" height=\"315\" src=\"https:\/\/www.youtube.com\/embed\/21kNH-S2bkE\" width=\"560\">[embedded content]<\/iframe><\/p>\n<p class=\"c10\">Drapeaux, banderoles et pancartes en mains, ils ont march\u00e9 massivement vers le boulevard Amirouche et la rue Didouche Mourad en d\u00e9non\u00e7ant \u00ab\u00a0makach hiwara ma\u00e2 el issabate, (pas de dialogue avec la bande mafieuse, ndlr)\u00a0\u00bb.<\/p>\n<p><iframe loading=\"lazy\" allow=\"accelerometer; autoplay; encrypted-media; gyroscope; picture-in-picture\" allowfullscreen=\"\" frameborder=\"0\" height=\"315\" src=\"https:\/\/www.youtube.com\/embed\/gQB9h_Bkfbs\" width=\"560\">[embedded content]<\/iframe><\/p>\n<p class=\"c10\">Par ailleurs, les \u00e9tudiants ont exprim\u00e9 leur rejet au panel de dialogue et de m\u00e9diation en scandant et les syndicats \u00e9tudiants qui y participent.<\/p>\n<p><iframe loading=\"lazy\" allow=\"accelerometer; autoplay; encrypted-media; gyroscope; picture-in-picture\" allowfullscreen=\"\" frameborder=\"0\" height=\"315\" src=\"https:\/\/www.youtube.com\/embed\/HK4ByUHcXkA\" width=\"560\">[embedded content]<\/iframe><\/p>\n<p class=\"c10\">Il est \u00e0 signaler qu&rsquo;un manifestant brandissant le drapeau Amazigh a \u00e9t\u00e9 interpell\u00e9 par les policiers, pas loin de l&rsquo;esplanade de la Grande Poste.<\/p>\n<p><iframe loading=\"lazy\" allowfullscreen=\"true\" allowtransparency=\"true\" frameborder=\"0\" height=\"271\" scrolling=\"no\" src=\"https:\/\/www.facebook.com\/plugins\/video.php?href=https%3A%2F%2Fwww.facebook.com%2FLiberte.arabic%2Fvideos%2F1581498315317252%2F&#038;show_text=0&#038;width=560\" class=\"c11\" width=\"560\">[embedded content]<\/iframe><\/p>\n<p class=\"c10\">\u00a0<\/p>\n<p class=\"c12\"><strong>Im\u00e8ne AMOKRANE<\/strong><\/p>\n<\/div>\n<p>Auteur:<br \/>\n<a href=\"https:\/\/www.liberte-algerie.com\/actualite\/rejet-des-syndicats-ayant-participe-au-dialogue-322219\">Cliquez ici pour lire l&rsquo;article depuis sa source.<\/a><\/p>\n","protected":false},"excerpt":{"rendered":"<p>Des centaines d&rsquo;\u00e9tudiants ont manifest\u00e9 ce mardi pour la 26e semaine cons\u00e9cutive \u00e0 Alger pour le d\u00e9part du syst\u00e8me. Les manifestants qui ont commenc\u00e9 \u00e0 se rassembler \u00e0 la Place des martyrs vers 10h, ont clam\u00e9 \u00ab\u00a0dawla madania machi a\u00e2skaria, (Etat civil et non militaire, ndlr)\u00a0\u00bb. [embedded content] [embedded content] Drapeaux, banderoles et pancartes en [&hellip;]<\/p>\n","protected":false},"author":1742,"featured_media":0,"comment_status":"closed","ping_status":"closed","sticky":false,"template":"","format":"standard","meta":{"fifu_image_url":"","fifu_image_alt":"","footnotes":""},"categories":[73,53],"tags":[],"class_list":["post-58563","post","type-post","status-publish","format-standard","hentry","category-actualite","category-algerie"],"_links":{"self":[{"href":"https:\/\/linitiative.ca\/International\/wp-json\/wp\/v2\/posts\/58563","targetHints":{"allow":["GET"]}}],"collection":[{"href":"https:\/\/linitiative.ca\/International\/wp-json\/wp\/v2\/posts"}],"about":[{"href":"https:\/\/linitiative.ca\/International\/wp-json\/wp\/v2\/types\/post"}],"author":[{"embeddable":true,"href":"https:\/\/linitiative.ca\/International\/wp-json\/wp\/v2\/users\/1742"}],"replies":[{"embeddable":true,"href":"https:\/\/linitiative.ca\/International\/wp-json\/wp\/v2\/comments?post=58563"}],"version-history":[{"count":0,"href":"https:\/\/linitiative.ca\/International\/wp-json\/wp\/v2\/posts\/58563\/revisions"}],"wp:attachment":[{"href":"https:\/\/linitiative.ca\/International\/wp-json\/wp\/v2\/media?parent=58563"}],"wp:term":[{"taxonomy":"category","embeddable":true,"href":"https:\/\/linitiative.ca\/International\/wp-json\/wp\/v2\/categories?post=58563"},{"taxonomy":"post_tag","embeddable":true,"href":"https:\/\/linitiative.ca\/International\/wp-json\/wp\/v2\/tags?post=58563"}],"curies":[{"name":"wp","href":"https:\/\/api.w.org\/{rel}","templated":true}]}}