{"id":58568,"date":"2019-08-20T09:57:08","date_gmt":"2019-08-20T13:57:08","guid":{"rendered":"https:\/\/linitiative.ca\/International\/installation-dagents-dautorite-nouvellement-nommes\/"},"modified":"2019-08-20T09:57:08","modified_gmt":"2019-08-20T13:57:08","slug":"installation-dagents-dautorite-nouvellement-nommes","status":"publish","type":"post","link":"https:\/\/linitiative.ca\/International\/installation-dagents-dautorite-nouvellement-nommes\/","title":{"rendered":"Installation d\u2019agents d\u2019autorit\u00e9 nouvellement nomm\u00e9s"},"content":{"rendered":"<div readability=\"38\">\n<p>Marrakech \u2013 Les agents d\u2019autorit\u00e9 nouvellement nomm\u00e9s au niveau de la pr\u00e9fecture de Marrakech, dans le cadre du mouvement op\u00e9r\u00e9 par le minist\u00e8re de l\u2019Int\u00e9rieur, ont \u00e9t\u00e9 install\u00e9s, lundi, dans leurs fonctions.<\/p>\n<\/div>\n<div readability=\"101\">\n<p>Ces nouvelles nominations ont concern\u00e9 plusieurs agents d\u2019autorit\u00e9, dont le secr\u00e9taire g\u00e9n\u00e9ral de la wilaya, le chef de la Division des Affaires Int\u00e9rieures, 5 chefs de districts, 3 chefs de cercles, 6 ca\u00efds en milieu rural, 15 chefs d\u2019annexes administratives, ainsi que les Pachas du Mechouar-Kasbah et de Tassoultante.<\/p>\n<p>Dans un mot de circonstance, le wali de la r\u00e9gion de Marrakech-Safi, Karim Kassi-Lahlou, a rappel\u00e9 les grands pas franchis par le minist\u00e8re de l\u2019Int\u00e9rieur en mati\u00e8re de d\u00e9veloppement du syst\u00e8me de gestion des ressources humaines en relation avec le corps des agents d\u2019autorit\u00e9 conform\u00e9ment aux Hautes Instructions Royales et ce, \u00e0 travers la mise en place d\u2019un nouveau syst\u00e8me int\u00e9gr\u00e9 pour l\u2019\u00e9valuation de l\u2019efficacit\u00e9 du rendement de l\u2019agent d\u2019autorit\u00e9.<\/p>\n<p>Ce syst\u00e8me, a-t-il dit, est bas\u00e9 sur le professionnalisme \u00e0 travers la mise sur pied d\u2019un m\u00e9canisme d\u2019\u00e9valuation globale selon une approche plus objective mettant le citoyen, la soci\u00e9t\u00e9 civile, les services s\u00e9curitaires et ext\u00e9rieurs ainsi que les instances \u00e9lues au centre de cette \u00e9valuation.<\/p>\n<p>M. Kassi-Lahlou a aussi mis en relief les Hautes Orientations Royales contenues dans le dernier Discours du Tr\u00f4ne prononc\u00e9 par SM le Roi, qui a r\u00e9affirm\u00e9 le fort attachement et la ferme d\u00e9termination du Souverain \u00e0 parachever le processus des r\u00e9formes initi\u00e9es et \u00e0 r\u00e9aliser l\u2019essor escompt\u00e9 \u00e0 travers l\u2019\u00e9laboration d\u2019un mod\u00e8le de d\u00e9veloppement national susceptible de relever les diff\u00e9rents d\u00e9fis et de surmonter les contraintes auxquels fait face le Maroc, \u00e0 m\u00eame de r\u00e9aliser la justice sociale et territoriale, d\u2019am\u00e9liorer les conditions de vie de tous les Marocains, et de contribuer \u00e0 la gestion des grands chantiers strat\u00e9giques et vitaux, dont la r\u00e9gionalisation avanc\u00e9e, la d\u00e9concentration administrative, la mise en \u0153uvre de la 3\u00e8 phase des programmes de l\u2019Initiative Nationale pour le D\u00e9veloppement humain (INDH) et l\u2019accompagnement du programme de r\u00e9duction des disparit\u00e9s sociales et territoriales.<\/p>\n<p>Il a, en outre, appel\u00e9 les agents d\u2019autorit\u00e9 \u00e0 faire montre d\u2019engagement dans l\u2019application et la traduction dans les faits du contenu du Discours du Tr\u00f4ne prononc\u00e9 par le Souverain, ainsi que des Hautes Instructions Royales visant la r\u00e9alisation d\u2019un d\u00e9veloppement soutenu dans le Royaume, tout en assumant pleinement leurs responsabilit\u00e9s et en pr\u00f4nant la politique de proximit\u00e9 des citoyens et l\u2019ouverture sur les diff\u00e9rentes franges de la soci\u00e9t\u00e9 pour renforcer la confiance entre les citoyens et les institutions de l\u2019Etat et ce, conform\u00e9ment au nouveau concept d\u2019autorit\u00e9 qui a confi\u00e9 \u00e0 l\u2019agent d\u2019autorit\u00e9 un r\u00f4le primordial dans la consolidation de l\u2019Etat de Droit et des acquis d\u00e9mocratiques.<\/p>\n<p>M. Kassi-Lahlou a \u00e9galement invit\u00e9 les nouveaux agents d\u2019autorit\u00e9 \u00e0 veiller \u00e0 insuffler une nouvelle dynamique \u00e0 l\u2019administration territoriale selon une vision susceptible de r\u00e9aliser un d\u00e9veloppement soutenu et de consolider le progr\u00e8s tous azimuts que conna\u00eet la pr\u00e9fecture de Marrakech, tout en adoptant une approche anticipative qui permet de satisfaire les besoins des citoyens et d\u2019\u00eatre en permanence \u00e0 l\u2019\u00e9coute de leurs dol\u00e9ances.<\/p>\n<p>Il a, par ailleurs, appel\u00e9 les agents d\u2019autorit\u00e9 \u00e0 \u00eatre constamment pr\u00e9sents sur le terrain pour accompagner et suivre de pr\u00e8s les projets de d\u00e9veloppement, tout en pr\u00f4nant la bonne gouvernance et en veillant \u00e0 l\u2019application stricte de la loi pour la pr\u00e9servation des acquis et la cons\u00e9cration de la pratique d\u00e9mocratique.<\/p>\n<p>A rappeler que le minist\u00e8re de l\u2019Int\u00e9rieur a entrepris un mouvement dans les rangs des agents d\u2019autorit\u00e9 qui a concern\u00e9 895 agents, soit pr\u00e8s de 20% de l\u2019ensemble des membres de ce corps exer\u00e7ant au sein de l\u2019Administration territoriale.<\/p>\n<\/div>\n<p>Auteur: Meriem IGASS<br \/>\n<a href=\"http:\/\/www.mapmarrakech.ma\/fr\/installation-dagents-dautorite-nouvellement-nommes\/\">Cliquez ici pour lire l&rsquo;article depuis sa source.<\/a><\/p>\n","protected":false},"excerpt":{"rendered":"<p>Marrakech \u2013 Les agents d\u2019autorit\u00e9 nouvellement nomm\u00e9s au niveau de la pr\u00e9fecture de Marrakech, dans le cadre du mouvement op\u00e9r\u00e9 par le minist\u00e8re de l\u2019Int\u00e9rieur, ont \u00e9t\u00e9 install\u00e9s, lundi, dans leurs fonctions. Ces nouvelles nominations ont concern\u00e9 plusieurs agents d\u2019autorit\u00e9, dont le secr\u00e9taire g\u00e9n\u00e9ral de la wilaya, le chef de la Division des Affaires Int\u00e9rieures, [&hellip;]<\/p>\n","protected":false},"author":1788,"featured_media":0,"comment_status":"closed","ping_status":"closed","sticky":false,"template":"","format":"standard","meta":{"fifu_image_url":"","fifu_image_alt":"","footnotes":""},"categories":[54,76],"tags":[],"class_list":["post-58568","post","type-post","status-publish","format-standard","hentry","category-maroc","category-regions"],"_links":{"self":[{"href":"https:\/\/linitiative.ca\/International\/wp-json\/wp\/v2\/posts\/58568","targetHints":{"allow":["GET"]}}],"collection":[{"href":"https:\/\/linitiative.ca\/International\/wp-json\/wp\/v2\/posts"}],"about":[{"href":"https:\/\/linitiative.ca\/International\/wp-json\/wp\/v2\/types\/post"}],"author":[{"embeddable":true,"href":"https:\/\/linitiative.ca\/International\/wp-json\/wp\/v2\/users\/1788"}],"replies":[{"embeddable":true,"href":"https:\/\/linitiative.ca\/International\/wp-json\/wp\/v2\/comments?post=58568"}],"version-history":[{"count":0,"href":"https:\/\/linitiative.ca\/International\/wp-json\/wp\/v2\/posts\/58568\/revisions"}],"wp:attachment":[{"href":"https:\/\/linitiative.ca\/International\/wp-json\/wp\/v2\/media?parent=58568"}],"wp:term":[{"taxonomy":"category","embeddable":true,"href":"https:\/\/linitiative.ca\/International\/wp-json\/wp\/v2\/categories?post=58568"},{"taxonomy":"post_tag","embeddable":true,"href":"https:\/\/linitiative.ca\/International\/wp-json\/wp\/v2\/tags?post=58568"}],"curies":[{"name":"wp","href":"https:\/\/api.w.org\/{rel}","templated":true}]}}