{"id":58569,"date":"2019-08-20T12:15:14","date_gmt":"2019-08-20T16:15:14","guid":{"rendered":"https:\/\/linitiative.ca\/International\/installation-dagents-dautorite-nouvellement-nommes-2\/"},"modified":"2019-08-20T12:15:14","modified_gmt":"2019-08-20T16:15:14","slug":"installation-dagents-dautorite-nouvellement-nommes-2","status":"publish","type":"post","link":"https:\/\/linitiative.ca\/International\/installation-dagents-dautorite-nouvellement-nommes-2\/","title":{"rendered":"Installation d\u2019agents d\u2019autorit\u00e9 nouvellement nomm\u00e9s"},"content":{"rendered":"<p><iframe loading=\"lazy\" width=\"1170\" height=\"658\" src=\"https:\/\/www.youtube.com\/embed\/zW8Ij_3nZYk?feature=oembed\" frameborder=\"0\" allow=\"accelerometer; autoplay; encrypted-media; gyroscope; picture-in-picture\" allowfullscreen=\"\">[embedded content]<\/iframe><\/p>\n<div class=\"post-header-inner\">\n<div class=\"post-header-title\">\n<p>\n\t\t\t\t<span class=\"time\"><time class=\"post-published updated\" datetime=\"2019-08-20T17:15:14+00:00\"><b><b> 20 ao\u00fbt 2019  <\/b> <\/b><\/time><\/span>\n\t\t\t<\/p>\n<\/p><\/div>\n<\/p><\/div>\n<div class=\"single-post-excerpt post-excerpt-bc\" readability=\"36\">\n<p>Les agents d\u2019autorit\u00e9 nouvellement nomm\u00e9s au niveau de la pr\u00e9fecture de Marrakech, dans le cadre du mouvement op\u00e9r\u00e9 par le minist\u00e8re de l\u2019Int\u00e9rieur, ont \u00e9t\u00e9 install\u00e9s dans leurs fonctions.<\/p>\n<\/div>\n<p>Auteur: Meriem IGASS<br \/>\n<a href=\"http:\/\/www.mapmarrakech.ma\/fr\/installation-dagents-dautorite-nouvellement-nommes-2\/\">Cliquez ici pour lire l&rsquo;article depuis sa source.<\/a><\/p>\n","protected":false},"excerpt":{"rendered":"<p>[embedded content] 20 ao\u00fbt 2019 Les agents d\u2019autorit\u00e9 nouvellement nomm\u00e9s au niveau de la pr\u00e9fecture de Marrakech, dans le cadre du mouvement op\u00e9r\u00e9 par le minist\u00e8re de l\u2019Int\u00e9rieur, ont \u00e9t\u00e9 install\u00e9s dans leurs fonctions. Auteur: Meriem IGASS Cliquez ici pour lire l&rsquo;article depuis sa source.<\/p>\n","protected":false},"author":1788,"featured_media":0,"comment_status":"closed","ping_status":"closed","sticky":false,"template":"","format":"standard","meta":{"fifu_image_url":"","fifu_image_alt":"","footnotes":""},"categories":[54,76],"tags":[],"class_list":["post-58569","post","type-post","status-publish","format-standard","hentry","category-maroc","category-regions"],"_links":{"self":[{"href":"https:\/\/linitiative.ca\/International\/wp-json\/wp\/v2\/posts\/58569","targetHints":{"allow":["GET"]}}],"collection":[{"href":"https:\/\/linitiative.ca\/International\/wp-json\/wp\/v2\/posts"}],"about":[{"href":"https:\/\/linitiative.ca\/International\/wp-json\/wp\/v2\/types\/post"}],"author":[{"embeddable":true,"href":"https:\/\/linitiative.ca\/International\/wp-json\/wp\/v2\/users\/1788"}],"replies":[{"embeddable":true,"href":"https:\/\/linitiative.ca\/International\/wp-json\/wp\/v2\/comments?post=58569"}],"version-history":[{"count":0,"href":"https:\/\/linitiative.ca\/International\/wp-json\/wp\/v2\/posts\/58569\/revisions"}],"wp:attachment":[{"href":"https:\/\/linitiative.ca\/International\/wp-json\/wp\/v2\/media?parent=58569"}],"wp:term":[{"taxonomy":"category","embeddable":true,"href":"https:\/\/linitiative.ca\/International\/wp-json\/wp\/v2\/categories?post=58569"},{"taxonomy":"post_tag","embeddable":true,"href":"https:\/\/linitiative.ca\/International\/wp-json\/wp\/v2\/tags?post=58569"}],"curies":[{"name":"wp","href":"https:\/\/api.w.org\/{rel}","templated":true}]}}