{"id":58570,"date":"2019-08-20T12:16:04","date_gmt":"2019-08-20T16:16:04","guid":{"rendered":"https:\/\/linitiative.ca\/International\/tlemcen-les-20-aout-1955-1956-deux-dates-charnieres-dans-la-guerre-de-liberation\/"},"modified":"2019-08-20T12:16:04","modified_gmt":"2019-08-20T16:16:04","slug":"tlemcen-les-20-aout-1955-1956-deux-dates-charnieres-dans-la-guerre-de-liberation","status":"publish","type":"post","link":"https:\/\/linitiative.ca\/International\/tlemcen-les-20-aout-1955-1956-deux-dates-charnieres-dans-la-guerre-de-liberation\/","title":{"rendered":"Tlemcen: les 20 ao\u00fbt 1955\/1956, deux dates charni\u00e8res dans la Guerre de lib\u00e9ration"},"content":{"rendered":"<div>\n<div class=\"K2FeedImage\"><img decoding=\"async\" src=\"http:\/\/www.aps.dz\/media\/k2\/items\/cache\/9695998700abf2c1dbc4f40949c20782_S.jpg\" alt=\"Tlemcen: les 20 ao\u00fbt 1955\/1956, deux dates charni\u00e8res dans la Guerre de lib\u00e9ration\"><\/div>\n<div class=\"K2FeedIntroText\">\n<p><strong>TLEMCEN &#8211; Le 20 ao\u00fbt 1955 et le 20 ao\u00fbt 1956 repr\u00e9sentent deux dates charni\u00e8res dans la lutte du peuple alg\u00e9rien pour le recouvrement de la souverainet\u00e9 nationale, ont indiqu\u00e9, mardi \u00e0 Tlemcen, les historiens Abdelmoumene Brahim et Touileb Abdallah.<\/strong><\/p>\n<\/div>\n<div class=\"K2FeedFullText\">\n<p>Animant une conf\u00e9rence au si\u00e8ge du Mus\u00e9e du moudjahid de la Wilaya cinq historiques \u00e0 l&rsquo;occasion de la <strong><a href=\"http:\/\/www.aps.dz\/algerie\/93382-dahmoune-preside-la-commemoration-de-la-journee-nationale-du-moudjahid-a-illizi\" target=\"_blank\" rel=\"noopener noreferrer\">comm\u00e9moration du double anniversaires du 20 ao\u00fbt<\/a><\/strong>, les deux universitaires Abdelmoumene Brahim de l&rsquo;universit\u00e9 d&rsquo;Oum El Bouaghi et Touileb Abdallah de l&rsquo;universit\u00e9 de Saida ont rappel\u00e9 ces deux dates historiques qui ont marqu\u00e9 un tournant d\u00e9cisif dans le combat men\u00e9 par le peuple alg\u00e9rien.<\/p>\n<p>Quelques mois apr\u00e8s le d\u00e9clenchement de la <strong><a href=\"http:\/\/www.aps.dz\/algerie\/61930-guerre-de-liberation-l-importance-de-l-offensive-du-nord-constantinois-et-le-congres-de-la-soummam-mise-en-exergue\" target=\"_blank\" rel=\"noopener noreferrer\">Guerre de lib\u00e9ration<\/a><\/strong>, Zighout Youcef et son adjoint Lakhdar Bentobal avaient lanc\u00e9 une offensive de grande envergure contre plusieurs objectifs militaires coloniaux situ\u00e9s dans le nord constantinois avec la participation de milliers de citoyens, notamment des fellahs aux cot\u00e9s des moudjahidine de l&rsquo;ALN, ont rappel\u00e9 les conf\u00e9renciers.<\/p>\n<p>Cette offensive a \u00e9t\u00e9 suivie par une violente r\u00e9pression qui avait fait quelques 12.000 morts parmi les civils alg\u00e9riens, a pr\u00e9cis\u00e9 la m\u00eame source.<\/p>\n<hr>\n<h3>Lire aussi:\u00a0<a href=\"http:\/\/www.aps.dz\/algerie\/77698-le-double-anniversaire-du-20-aout-1955-1956-dates-phares-de-la-revolution-algerienne\" target=\"_blank\" rel=\"noopener noreferrer\">Le double anniversaire du 20 ao\u00fbt 1955\/1956, \u00ab\u00a0dates phares\u00a0\u00bb de la R\u00e9volution alg\u00e9rienne<\/a><\/h3>\n<hr>\n<p>Cette offensive et la r\u00e9pression qui s&rsquo;en est suivie ont constitu\u00e9 un v\u00e9ritable tournant dans la lutte parce qu&rsquo;elles ont non seulement donn\u00e9 \u00e0 la r\u00e9volution un caract\u00e8re populaire mais elles ont \u00e9galement fait basculer les couches moyennes alg\u00e9riennes dans la lutte arm\u00e9e et des dirigeants politiques, toutes tendances confondues, dans les rangs du FLN et par ailleurs, elles ont r\u00e9ussi \u00e0 attirer l&rsquo;attention de l&rsquo;opinion internationale sur la question alg\u00e9rienne ce qui s&rsquo;est mat\u00e9rialis\u00e9e par son inscription \u00e0 l&rsquo;ordre du jour de l&rsquo;Assembl\u00e9 g\u00e9n\u00e9rale de l&rsquo;ONU le 30 septembre 1955, a-t-on soulign\u00e9.<\/p>\n<p>Les conf\u00e9renciers se sont \u00e9tal\u00e9s ensuite sur les objectifs du congr\u00e8s de la Soummam qui s&rsquo;est tenu le 20 aout 1956 et son impact sur le devenir de la Guerre de lib\u00e9ration nationale. Ce congr\u00e8s, ont-ils tenu \u00e0 rappeler, a constitu\u00e9 l&rsquo;acte majeur structurant la R\u00e9volution alg\u00e9rienne.<\/p>\n<p>La comm\u00e9moration de ce double anniversaire \u00e0 Tlemcen a permis aux autorit\u00e9s locales civiles et militaires de la wilaya de Tlemcen d&rsquo;honorer des familles de chouhada de la r\u00e9gion, de jeunes sportifs ainsi que des journalistes et correspondants locaux.<\/p>\n<\/div>\n<\/div>\n<p>Auteur:<br \/>\n<a href=\"http:\/\/www.aps.dz\/regions\/93398-tlemcen-les-20-aout-1955-1956-deux-dates-charnieres-dans-la-guerre-de-liberation\">Cliquez ici pour lire l&rsquo;article depuis sa source.<\/a><\/p>\n","protected":false},"excerpt":{"rendered":"<p>TLEMCEN &#8211; Le 20 ao\u00fbt 1955 et le 20 ao\u00fbt 1956 repr\u00e9sentent deux dates charni\u00e8res dans la lutte du peuple alg\u00e9rien pour le recouvrement de la souverainet\u00e9 nationale, ont indiqu\u00e9, mardi \u00e0 Tlemcen, les historiens Abdelmoumene Brahim et Touileb Abdallah. Animant une conf\u00e9rence au si\u00e8ge du Mus\u00e9e du moudjahid de la Wilaya cinq historiques \u00e0 [&hellip;]<\/p>\n","protected":false},"author":1790,"featured_media":58571,"comment_status":"closed","ping_status":"closed","sticky":false,"template":"","format":"standard","meta":{"fifu_image_url":"","fifu_image_alt":"","footnotes":""},"categories":[53,76],"tags":[],"class_list":["post-58570","post","type-post","status-publish","format-standard","has-post-thumbnail","hentry","category-algerie","category-regions"],"_links":{"self":[{"href":"https:\/\/linitiative.ca\/International\/wp-json\/wp\/v2\/posts\/58570","targetHints":{"allow":["GET"]}}],"collection":[{"href":"https:\/\/linitiative.ca\/International\/wp-json\/wp\/v2\/posts"}],"about":[{"href":"https:\/\/linitiative.ca\/International\/wp-json\/wp\/v2\/types\/post"}],"author":[{"embeddable":true,"href":"https:\/\/linitiative.ca\/International\/wp-json\/wp\/v2\/users\/1790"}],"replies":[{"embeddable":true,"href":"https:\/\/linitiative.ca\/International\/wp-json\/wp\/v2\/comments?post=58570"}],"version-history":[{"count":0,"href":"https:\/\/linitiative.ca\/International\/wp-json\/wp\/v2\/posts\/58570\/revisions"}],"wp:featuredmedia":[{"embeddable":true,"href":"https:\/\/linitiative.ca\/International\/wp-json\/"}],"wp:attachment":[{"href":"https:\/\/linitiative.ca\/International\/wp-json\/wp\/v2\/media?parent=58570"}],"wp:term":[{"taxonomy":"category","embeddable":true,"href":"https:\/\/linitiative.ca\/International\/wp-json\/wp\/v2\/categories?post=58570"},{"taxonomy":"post_tag","embeddable":true,"href":"https:\/\/linitiative.ca\/International\/wp-json\/wp\/v2\/tags?post=58570"}],"curies":[{"name":"wp","href":"https:\/\/api.w.org\/{rel}","templated":true}]}}