{"id":58574,"date":"2019-08-20T12:55:49","date_gmt":"2019-08-20T16:55:49","guid":{"rendered":"https:\/\/linitiative.ca\/International\/tizi-ouzou-marche-a-larbaa-nath-irathen-pour-celebrer-la-journee-du-moudjahid\/"},"modified":"2019-08-20T12:55:49","modified_gmt":"2019-08-20T16:55:49","slug":"tizi-ouzou-marche-a-larbaa-nath-irathen-pour-celebrer-la-journee-du-moudjahid","status":"publish","type":"post","link":"https:\/\/linitiative.ca\/International\/tizi-ouzou-marche-a-larbaa-nath-irathen-pour-celebrer-la-journee-du-moudjahid\/","title":{"rendered":"Tizi-Ouzou: marche \u00e0 Larb\u00e2a n\u2019Ath Irathen pour c\u00e9l\u00e9brer la journ\u00e9e du moudjahid"},"content":{"rendered":"<div>\n<div class=\"K2FeedIntroText\">\n<p><strong>TIZI-OUZOU &#8211; Des dizaines de citoyens ont particip\u00e9 mardi \u00e0 une marche pacifique \u00e0 Larb\u00e2a n\u2019Ath Irathen (\u00e0 27 km \u00e0 l\u2019est de Tizi-Ouzou) pour c\u00e9l\u00e9brer la Journ\u00e9e nationale du Moudjahid et demander le d\u00e9part des symboles de l&rsquo;ancien syst\u00e8me.<\/strong><\/p>\n<\/div>\n<div class=\"K2FeedFullText\">\n<p>Les citoyens se sont rassembl\u00e9s au lieudit Tizi N&rsquo;Semlal, d\u2019o\u00f9 la procession s\u2019est \u00e9branl\u00e9e vers 11H00. Les marcheurs ont sillonn\u00e9 l\u2019art\u00e8re principale de la ville en scandant des slogans du \u00ab\u00a0Hirak\u00a0\u00bb en faveur d\u2019un changement radical du syst\u00e8me et le d\u00e9part de tous ses symboles.<\/p>\n<p>Durant cette manifestation, organis\u00e9e par des citoyens de Larb\u00e2a n\u2019Ath Irathen, les marcheurs ont brandi des banderoles sur lesquelles \u00e9tait \u00e9crit, entre autres, \u00ab\u00a0ceux qui sont \u00e0 l\u2019origine de la crise ne peuvent la r\u00e9soudre\u00a0\u00bb, \u00ab\u00a0tant qu\u2019il y a des hommes honn\u00eates nous ne nous soumettrons pas\u00a0\u00bb, et \u00ab\u00a0vive l\u2019Alg\u00e9rie\u00a0\u00bb.<\/p>\n<p>Ils ont \u00e9galement soulign\u00e9, \u00e0 travers les slogans scand\u00e9s, leur attachement \u00e0 l\u2019amazighit\u00e9 \u00ab\u00a0identit\u00e9 mill\u00e9naire du peuple alg\u00e9rien\u00a0\u00bb, exigeant le respect de la souverainet\u00e9 populaire, tout en rendant un vibrant hommage aux moudjahidine et aux martyrs qui sont tomb\u00e9s au champ d\u2019honneur pour lib\u00e9rer le pays du joug colonial fran\u00e7ais. \u00ab\u00a0L\u2019Alg\u00e9rie est un legs que nous devons pr\u00e9server\u00a0\u00bb, ont-ils insist\u00e9.<\/p>\n<p>La marche s\u2019est termin\u00e9e \u00e0 hauteur de la statue de Abane Ramdane, une des principales figures de la Guerre de lib\u00e9ration nationale. Une gerbe de fleurs a \u00e9t\u00e9 d\u00e9pos\u00e9e et une minute de silence a \u00e9t\u00e9 observ\u00e9 \u00e0 sa m\u00e9moire. Une banderole sur laquelle \u00e9tait \u00e9crit \u00ab\u00a020 ao\u00fbt 1956, 20 ao\u00fbt 2019 : la continuit\u00e9 de la R\u00e9volution\u00a0\u00bb a \u00e9t\u00e9 \u00e9galement d\u00e9ploy\u00e9e.<\/p>\n<p>Outre cette marche populaire, d\u2019autres activit\u00e9s sont au menu au niveau de la biblioth\u00e8que, dont une exposition photos, une vente d\u00e9dicace du livre \u00ab\u00a0Djazair Akhir Ezaman\u00a0\u00bb de Touat Moussa et des conf\u00e9rences d\u00e9bats qui seront anim\u00e9es en fin de journ\u00e9e par Sa\u00efd Khelil sur le \u00ab\u00a020 ao\u00fbt 1956 -20 ao\u00fbt 2019 continuit\u00e9 de la R\u00e9volution\u00a0\u00bb et Mohamed Ameziane Boulifa intitul\u00e9e \u00ab\u00a0Avant-projet de structuration de la R\u00e9volution populaire de l\u2019an 2019\u00a0\u00bb.<\/p>\n<\/div>\n<\/div>\n<p>Auteur:<br \/>\n<a href=\"http:\/\/www.aps.dz\/regions\/93403-tizi-ouzou-marche-a-larbaa-n-ath-irathen-pour-celebrer-la-journee-du-moudjahid\">Cliquez ici pour lire l&rsquo;article depuis sa source.<\/a><\/p>\n","protected":false},"excerpt":{"rendered":"<p>TIZI-OUZOU &#8211; Des dizaines de citoyens ont particip\u00e9 mardi \u00e0 une marche pacifique \u00e0 Larb\u00e2a n\u2019Ath Irathen (\u00e0 27 km \u00e0 l\u2019est de Tizi-Ouzou) pour c\u00e9l\u00e9brer la Journ\u00e9e nationale du Moudjahid et demander le d\u00e9part des symboles de l&rsquo;ancien syst\u00e8me. Les citoyens se sont rassembl\u00e9s au lieudit Tizi N&rsquo;Semlal, d\u2019o\u00f9 la procession s\u2019est \u00e9branl\u00e9e vers [&hellip;]<\/p>\n","protected":false},"author":1790,"featured_media":0,"comment_status":"closed","ping_status":"closed","sticky":false,"template":"","format":"standard","meta":{"fifu_image_url":"","fifu_image_alt":"","footnotes":""},"categories":[53,76],"tags":[],"class_list":["post-58574","post","type-post","status-publish","format-standard","hentry","category-algerie","category-regions"],"_links":{"self":[{"href":"https:\/\/linitiative.ca\/International\/wp-json\/wp\/v2\/posts\/58574","targetHints":{"allow":["GET"]}}],"collection":[{"href":"https:\/\/linitiative.ca\/International\/wp-json\/wp\/v2\/posts"}],"about":[{"href":"https:\/\/linitiative.ca\/International\/wp-json\/wp\/v2\/types\/post"}],"author":[{"embeddable":true,"href":"https:\/\/linitiative.ca\/International\/wp-json\/wp\/v2\/users\/1790"}],"replies":[{"embeddable":true,"href":"https:\/\/linitiative.ca\/International\/wp-json\/wp\/v2\/comments?post=58574"}],"version-history":[{"count":0,"href":"https:\/\/linitiative.ca\/International\/wp-json\/wp\/v2\/posts\/58574\/revisions"}],"wp:attachment":[{"href":"https:\/\/linitiative.ca\/International\/wp-json\/wp\/v2\/media?parent=58574"}],"wp:term":[{"taxonomy":"category","embeddable":true,"href":"https:\/\/linitiative.ca\/International\/wp-json\/wp\/v2\/categories?post=58574"},{"taxonomy":"post_tag","embeddable":true,"href":"https:\/\/linitiative.ca\/International\/wp-json\/wp\/v2\/tags?post=58574"}],"curies":[{"name":"wp","href":"https:\/\/api.w.org\/{rel}","templated":true}]}}