{"id":58575,"date":"2019-08-20T13:00:56","date_gmt":"2019-08-20T17:00:56","guid":{"rendered":"https:\/\/linitiative.ca\/International\/vers-la-creation-de-poles-dexcellence-de-tourisme-en-algerie\/"},"modified":"2019-08-20T13:00:56","modified_gmt":"2019-08-20T17:00:56","slug":"vers-la-creation-de-poles-dexcellence-de-tourisme-en-algerie","status":"publish","type":"post","link":"https:\/\/linitiative.ca\/International\/vers-la-creation-de-poles-dexcellence-de-tourisme-en-algerie\/","title":{"rendered":"Vers la cr\u00e9ation de p\u00f4les d&rsquo;excellence de tourisme en Alg\u00e9rie"},"content":{"rendered":"<div>\n<div class=\"K2FeedImage\"><img decoding=\"async\" src=\"http:\/\/www.aps.dz\/media\/k2\/items\/cache\/f68021b01e6a69480fe464ad23ffb376_S.jpg\" alt=\"Vers la cr\u00e9ation de p\u00f4les d'excellence de tourisme en Alg\u00e9rie\"><\/div>\n<div class=\"K2FeedIntroText\">\n<p><strong>CHLEF- Le ministre du Tourisme et de l&rsquo;Artisanat, Abdelkader Benmessaoud, a fait \u00e9tat mardi \u00e0 Chlef de pr\u00e9paratifs pour la cr\u00e9ation de p\u00f4les d&rsquo;excellence dans le secteur du tourisme en Alg\u00e9rie, et ce, dans le cadre des efforts de son d\u00e9partement minist\u00e9riel et du gouvernement visant \u00e0 insuffler une nouvelle dynamique au tourisme interne.<\/strong><\/p>\n<\/div>\n<div class=\"K2FeedFullText\">\n<p>\u00ab\u00a0Le minist\u00e8re du tourisme et de l&rsquo;artisanat a sign\u00e9 une convention, en coordination avec le minist\u00e8re de la Formation et de l&rsquo;enseignement professionnels, en vue de cr\u00e9er des p\u00f4les d&rsquo;excellence \u00e0 travers l&rsquo;ensemble du territoire national, dans le cadre des efforts visant \u00e0 insuffler une nouvelle dynamique au tourisme interne\u00a0\u00bb, a-t-il affirm\u00e9 lors d&rsquo;une conf\u00e9rence de presse, tenue en marge d&rsquo;une visite de travail et d&rsquo;inspection dans la wilaya de Chlef.<\/p>\n<p>Le ministre a fait savoir que les wilayas concern\u00e9es sont \u00ab\u00a0Boumerdes, appel\u00e9e \u00e0 devenir un p\u00f4le d&rsquo;excellence de tourisme baln\u00e9aire, El Tarf en tant que p\u00f4le d&rsquo;excellence de tourisme rural, Adrar et Tamanrasset appel\u00e9s respectivement \u00e0 devenir des p\u00f4les d&rsquo;excellence de tourisme saharien, et de pierres pr\u00e9cieuses\u00a0\u00bb, soulignant que la strat\u00e9gie de son d\u00e9partement repose sur l&rsquo;encouragement du tourisme familial, \u00e9cologique et baln\u00e9aire\u00a0\u00bb.<\/p>\n<p>Mettant en avant l&rsquo;importance de l&rsquo;action participative intersectorielle, notamment en termes de formation et d&rsquo;habilitation de la main d&rsquo;\u0153uvre \u00e0 employer dans les divers projets en cours de r\u00e9alisation, M. Benmessaoud a appel\u00e9 \u00e0 donner la priorit\u00e9 aux dipl\u00f4m\u00e9s des instituts et \u00e9coles de tourisme et \u00e9tablissements de formation professionnelle et d&rsquo;apprentissage issus des r\u00e9gions concern\u00e9es.<\/p>\n<hr>\n<p><a href=\"http:\/\/www.aps.dz\/regions\/93360-tizi-ouzou-creation-prochaine-d-une-nouvelle-zone-d-extension-touristique-a-tala-guilef\">Lire aussi :\u00a0Tizi-Ouzou : cr\u00e9ation prochaine d&rsquo;une nouvelle zone d&rsquo;extension touristique \u00e0 Tala-Guilef<\/a><\/p>\n<hr>\n<p>En r\u00e9ponse \u00e0 l&rsquo;APS au sujet de la capacit\u00e9 d&rsquo;accueil de la wilaya, estim\u00e9e \u00e0 1674 lits, et qui reste faible par rapport au nombre important d&rsquo;estivants fr\u00e9quentant les plages de la wilaya (4 \u00e0 5 millions d&rsquo;estivants par an), le ministre a indiqu\u00e9 que la wilaya de Chlef \u00ab\u00a0b\u00e9n\u00e9ficiera dans les trois prochaines ann\u00e9es de 26 projets d&rsquo;h\u00f4teliers ce qui permettra de passer \u00e0 une capacit\u00e9 d&rsquo;accueil de 7000 lits\u00a0\u00bb.<\/p>\n<p>Evoquant les zones d&rsquo;expansion touristique (ZET) et leur r\u00f4le dans la promotion du tourisme domestique, le ministre a assur\u00e9 qu&rsquo;une solution est en cours d&rsquo;\u00e9tude au niveau du minist\u00e8re pour le probl\u00e8me de la ZET, situ\u00e9e entre les wilayas de Chlef et de Mostaganem, ce qui permettra de promouvoir le tourisme dans la wilaya.<\/p>\n<p>Le ministre du Tourisme et de l&rsquo;artisanat a entam\u00e9, mardi matin, une visite de travail et d&rsquo;inspection dans la wilaya de Chlef, o\u00f9 il s&rsquo;est enquis de l&rsquo;\u00e9tat d&rsquo;avancement d&rsquo;un projet d&rsquo;h\u00f4tel \u00e0 la cit\u00e9 olympique et inaugur\u00e9 un h\u00f4tel trois \u00e9toiles, d&rsquo;une capacit\u00e9 de 174 lits.<\/p>\n<p>Dans le cadre des festivit\u00e9s comm\u00e9morant le double anniversaire de la Journ\u00e9e du moudjahid et du congr\u00e8s de la Soummam (20 aout), M. Benmessaoud a inaugur\u00e9 une piscine de proximit\u00e9 \u00e0 la cit\u00e9 Chorfa, et rendu visite \u00e0 des moudjahidine de la r\u00e9gion.<\/p>\n<\/div>\n<\/div>\n<p>Auteur:<br \/>\n<a href=\"http:\/\/www.aps.dz\/regions\/93404-vers-la-creation-de-poles-d-excellence-de-tourisme-en-algerie\">Cliquez ici pour lire l&rsquo;article depuis sa source.<\/a><\/p>\n","protected":false},"excerpt":{"rendered":"<p>CHLEF- Le ministre du Tourisme et de l&rsquo;Artisanat, Abdelkader Benmessaoud, a fait \u00e9tat mardi \u00e0 Chlef de pr\u00e9paratifs pour la cr\u00e9ation de p\u00f4les d&rsquo;excellence dans le secteur du tourisme en Alg\u00e9rie, et ce, dans le cadre des efforts de son d\u00e9partement minist\u00e9riel et du gouvernement visant \u00e0 insuffler une nouvelle dynamique au tourisme interne. \u00ab\u00a0Le [&hellip;]<\/p>\n","protected":false},"author":1790,"featured_media":58576,"comment_status":"closed","ping_status":"closed","sticky":false,"template":"","format":"standard","meta":{"fifu_image_url":"","fifu_image_alt":"","footnotes":""},"categories":[53,76],"tags":[],"class_list":["post-58575","post","type-post","status-publish","format-standard","has-post-thumbnail","hentry","category-algerie","category-regions"],"_links":{"self":[{"href":"https:\/\/linitiative.ca\/International\/wp-json\/wp\/v2\/posts\/58575","targetHints":{"allow":["GET"]}}],"collection":[{"href":"https:\/\/linitiative.ca\/International\/wp-json\/wp\/v2\/posts"}],"about":[{"href":"https:\/\/linitiative.ca\/International\/wp-json\/wp\/v2\/types\/post"}],"author":[{"embeddable":true,"href":"https:\/\/linitiative.ca\/International\/wp-json\/wp\/v2\/users\/1790"}],"replies":[{"embeddable":true,"href":"https:\/\/linitiative.ca\/International\/wp-json\/wp\/v2\/comments?post=58575"}],"version-history":[{"count":0,"href":"https:\/\/linitiative.ca\/International\/wp-json\/wp\/v2\/posts\/58575\/revisions"}],"wp:featuredmedia":[{"embeddable":true,"href":"https:\/\/linitiative.ca\/International\/wp-json\/"}],"wp:attachment":[{"href":"https:\/\/linitiative.ca\/International\/wp-json\/wp\/v2\/media?parent=58575"}],"wp:term":[{"taxonomy":"category","embeddable":true,"href":"https:\/\/linitiative.ca\/International\/wp-json\/wp\/v2\/categories?post=58575"},{"taxonomy":"post_tag","embeddable":true,"href":"https:\/\/linitiative.ca\/International\/wp-json\/wp\/v2\/tags?post=58575"}],"curies":[{"name":"wp","href":"https:\/\/api.w.org\/{rel}","templated":true}]}}