{"id":58577,"date":"2019-08-20T13:56:34","date_gmt":"2019-08-20T17:56:34","guid":{"rendered":"https:\/\/linitiative.ca\/International\/criminalite-contrebande-arrestation-de-6-individus-a-el-tarf-et-chlef\/"},"modified":"2019-08-20T13:56:34","modified_gmt":"2019-08-20T17:56:34","slug":"criminalite-contrebande-arrestation-de-6-individus-a-el-tarf-et-chlef","status":"publish","type":"post","link":"https:\/\/linitiative.ca\/International\/criminalite-contrebande-arrestation-de-6-individus-a-el-tarf-et-chlef\/","title":{"rendered":"criminalit\u00e9-contrebande: arrestation de 6 individus \u00e0 El-Tarf et Chlef"},"content":{"rendered":"<div>\n<div class=\"K2FeedIntroText\">\n<p><strong>ALGER- Les \u00e9l\u00e9ments de la Gendarmerie nationale (GN) ont arr\u00eat\u00e9 6 individus \u00e0 El-Tarf et Chlef pour implication dans des affaires de criminalit\u00e9, de trafic et de d\u00e9tention de produits prohib\u00e9s, a indiqu\u00e9, mardi, un communiqu\u00e9 des services de ce corps de s\u00e9curit\u00e9.<\/strong><\/p>\n<\/div>\n<div class=\"K2FeedFullText\">\n<p>Dans ce cadre, les \u00e9l\u00e9ments de la Gendarmerie nationale d&rsquo;El-Tarf ont intercept\u00e9, le week-end dernier au niveau de la route nationale N44 (El Kala &#8211; Oum Tboul, un v\u00e9hicule portant immatriculation \u00e9trang\u00e8re au bord duquel deux jeunes \u00e2g\u00e9s entre 26 et 29 ans et issus de Tadjenanet (Mila), qui s&rsquo;appr\u00eataient \u00e0 quitter le territoire national en direction de la Tunisie.<\/p>\n<p>Le contr\u00f4le administratif et technique du v\u00e9hicule a donn\u00e9 lieu \u00e0 la d\u00e9couverte de montants cons\u00e9quents de devises, dissimil\u00e9s dans la malle et destin\u00e9s au trafic, \u00e0 savoir 24.460 euros, 4900 dollars et 63 dinars tunisiens.<\/p>\n<p>Le conducteur et son accompagnateur ont \u00e9t\u00e9 transf\u00e9r\u00e9s sur le champ au si\u00e8ge de la brigade territoriale de la GN d&rsquo;El Kala. Le conducteur a affirm\u00e9 que \u00ab\u00a0les montants saisis lui appartenaient et qu&rsquo;il comptait acheter une maison en Tunisie\u00a0\u00bb.\u00a0\u00a0\u00a0<\/p>\n<p>\u00a0La fouille corporelle de ce dernier a permis de trouver une quantit\u00e9 de 87.5 grammes de kif trait\u00e9, 4 plaquettes de psychotropes (10 comprim\u00e9s chacune) et une plaquette de 8 comprim\u00e9s. Il a d\u00e9clar\u00e9 que \u00ab\u00a0ces produits sont r\u00e9serv\u00e9s \u00e0 sa consommation personnelle durant les vacances qu&rsquo;il comptait passer en Tunisie\u00a0\u00bb.<\/p>\n<p>Concernant son acolyte (29 ans), ce dernier a d\u00e9clar\u00e9 qu&rsquo;il \u00e9tait venu de Tadjnent afin de se rendre en Tunisie pour la promenade et pour donner un coup de main \u00e0 son ami qui \u00e9tait \u00e0 la recherche d&rsquo;un logement \u00e0 acheter en Tunisie\u00a0\u00bb, faisant savoir qu&rsquo;il \u00e9tait en possession de 150 euros et 60 dinars tunisiens, tout en affirmant qu&rsquo;il n&rsquo;\u00e9tait pas au courant des objets trouv\u00e9s chez son ami.<\/p>\n<p>Les deux suspects ont \u00e9t\u00e9 pr\u00e9sent\u00e9s devant le Procureur de la R\u00e9publique pr\u00e8s le tribunal d&rsquo;El Kala pour \u00a0\u00bb violation de la l\u00e9gislation et de la r\u00e9glementation des changes et des mouvements de capitaux de et vers l&rsquo;\u00e9tranger et possession de drogue et psychotropes\u00a0\u00bb.<\/p>\n<p>Dans le cadre de la lutte contre les diff\u00e9rentes formes de criminalit\u00e9, un r\u00e9seau criminel sp\u00e9cialis\u00e9 dans le cambriolage et le cambriolage a \u00e9t\u00e9 d\u00e9mantel\u00e9 par la brigade territoriale de la Gendarmerie nationale d&rsquo;Ouled Fares (Chlef).<\/p>\n<p>L&rsquo;op\u00e9ration a eu lieu suite \u00e0 une plainte d\u00e9pos\u00e9e par un citoyen ayant \u00e9t\u00e9 victime de vol par des inconnus, a indiqu\u00e9 le m\u00eame source, ajoutant que suite aux investigations et \u00e0 l&rsquo;exploitation de traces et d&rsquo;indices trouv\u00e9s sur le lieu du crime, le premier suspect (25 ans) a \u00e9t\u00e9 identifi\u00e9. Ce dernier a r\u00e9v\u00e9l\u00e9, par la suite, l&rsquo;identit\u00e9 du reste des membres du r\u00e9seau criminel compos\u00e9 de trois individus.<\/p>\n<p>Les mis en causes en \u00e9t\u00e9 pr\u00e9sent\u00e9s devant le Procureur de la R\u00e9publique pr\u00e8s le tribunal de Chlef qui a ordonn\u00e9 leur placement en d\u00e9tention provisoire.<\/p>\n<\/div>\n<\/div>\n<p>Auteur:<br \/>\n<a href=\"http:\/\/www.aps.dz\/regions\/93407-criminalite-contrebande-arrestation-de-6-individus-a-el-tarf-et-chlef\">Cliquez ici pour lire l&rsquo;article depuis sa source.<\/a><\/p>\n","protected":false},"excerpt":{"rendered":"<p>ALGER- Les \u00e9l\u00e9ments de la Gendarmerie nationale (GN) ont arr\u00eat\u00e9 6 individus \u00e0 El-Tarf et Chlef pour implication dans des affaires de criminalit\u00e9, de trafic et de d\u00e9tention de produits prohib\u00e9s, a indiqu\u00e9, mardi, un communiqu\u00e9 des services de ce corps de s\u00e9curit\u00e9. Dans ce cadre, les \u00e9l\u00e9ments de la Gendarmerie nationale d&rsquo;El-Tarf ont intercept\u00e9, [&hellip;]<\/p>\n","protected":false},"author":1790,"featured_media":0,"comment_status":"closed","ping_status":"closed","sticky":false,"template":"","format":"standard","meta":{"fifu_image_url":"","fifu_image_alt":"","footnotes":""},"categories":[53,76],"tags":[],"class_list":["post-58577","post","type-post","status-publish","format-standard","hentry","category-algerie","category-regions"],"_links":{"self":[{"href":"https:\/\/linitiative.ca\/International\/wp-json\/wp\/v2\/posts\/58577","targetHints":{"allow":["GET"]}}],"collection":[{"href":"https:\/\/linitiative.ca\/International\/wp-json\/wp\/v2\/posts"}],"about":[{"href":"https:\/\/linitiative.ca\/International\/wp-json\/wp\/v2\/types\/post"}],"author":[{"embeddable":true,"href":"https:\/\/linitiative.ca\/International\/wp-json\/wp\/v2\/users\/1790"}],"replies":[{"embeddable":true,"href":"https:\/\/linitiative.ca\/International\/wp-json\/wp\/v2\/comments?post=58577"}],"version-history":[{"count":0,"href":"https:\/\/linitiative.ca\/International\/wp-json\/wp\/v2\/posts\/58577\/revisions"}],"wp:attachment":[{"href":"https:\/\/linitiative.ca\/International\/wp-json\/wp\/v2\/media?parent=58577"}],"wp:term":[{"taxonomy":"category","embeddable":true,"href":"https:\/\/linitiative.ca\/International\/wp-json\/wp\/v2\/categories?post=58577"},{"taxonomy":"post_tag","embeddable":true,"href":"https:\/\/linitiative.ca\/International\/wp-json\/wp\/v2\/tags?post=58577"}],"curies":[{"name":"wp","href":"https:\/\/api.w.org\/{rel}","templated":true}]}}