{"id":58578,"date":"2019-08-19T19:52:19","date_gmt":"2019-08-19T23:52:19","guid":{"rendered":"https:\/\/linitiative.ca\/International\/le-festival-de-saidia-cinema-sans-frontieres-de-retour\/"},"modified":"2019-08-19T19:52:19","modified_gmt":"2019-08-19T23:52:19","slug":"le-festival-de-saidia-cinema-sans-frontieres-de-retour","status":"publish","type":"post","link":"https:\/\/linitiative.ca\/International\/le-festival-de-saidia-cinema-sans-frontieres-de-retour\/","title":{"rendered":"Le Festival de Sa\u00efdia \u00ab\u00a0Cin\u00e9ma sans fronti\u00e8res\u00a0\u00bb de retour"},"content":{"rendered":"<p class=\"c1\">L\u2019Association Al Amal pour la coexistence et le d\u00e9veloppement organise, du 26 au 31 ao\u00fbt courant \u00e0 Sa\u00efdia, la 5\u00e8 \u00e9dition du festival du film \u00ab\u00a0Cin\u00e9ma sans fronti\u00e8res\u00a0\u00bb.<\/p>\n<p class=\"c1\">Cet \u00e9v\u00e9nement ambitionne de promouvoir la cr\u00e9ativit\u00e9 artistique, de rapprocher le cin\u00e9ma du grand public et de faire conna\u00eetre les nouvelles de la production cin\u00e9matographique nationale et \u00e9trang\u00e8re, indiquent les organisateurs dans un communiqu\u00e9, notant que les films en lice repr\u00e9sentent six pays \u00e0 savoir le Maroc, l\u2019Alg\u00e9rie, la Tunisie, l\u2019Egypte, la Turquie et la France.<\/p>\n<p class=\"c1\">Selon les organisateurs, 14 films dont sept longs m\u00e9trages seront en lice pour s\u2019adjuger l\u2019un des prix de ce festival, dont ceux de meilleurs r\u00e9alisateur, sc\u00e9nariste et acteurs, outre le prix du jury, le Grand prix \u00abPerle Bleue\u00bb consacr\u00e9 \u00e0 la cat\u00e9gorie long-m\u00e9trage et le prix \u00ab\u00a0l\u2019Orange\u00a0\u00bb d\u00e9di\u00e9 au meilleur court-m\u00e9trage.<\/p>\n<p class=\"c1\">Ces films seront projet\u00e9s en plein air afin de permettre au public de rencontrer des cin\u00e9astes marocains et \u00e9trangers et des invit\u00e9s du monde de la culture et de l\u2019art qui prendront part \u00e0 ce festival, ajoute la m\u00eame source.<\/p>\n<p class=\"c1\">Le jury de cette 5\u00e8me \u00e9dition sera pr\u00e9sid\u00e9 par l\u2019\u00e9crivain et acad\u00e9micien Lahcen Haddad, les r\u00e9alisateurs Driss Lamrini et Khalid Ibrahimi, l\u2019artiste peintre Aziz Azghay, le critique Azeddine Ouafi, le sc\u00e9nariste Abdelilah Hamdouchi et la journaliste Nadia Abram.<\/p>\n<p class=\"c1\">Cette \u00e9dition, qui pr\u00e9voit \u00e9galement des projections les 26 et 27 ao\u00fbt \u00e0 Berkane, sera l\u2019occasion pour rendre un hommage appuy\u00e9 aux artistes Tourya El Alaoui et Said Bey.<\/p>\n<p class=\"c1\">Le programme de ce rendez-vous artistique sera marqu\u00e9 aussi par l\u2019organisation de conf\u00e9rences ax\u00e9es notamment sur l\u2019industrie cin\u00e9matographique dans la r\u00e9gion de l\u2019Oriental, la migration dans le cin\u00e9ma marocain et \u00e9tranger, la langue cin\u00e9matographique \u00e0 la lumi\u00e8re de l\u2019officialisation de la langue amazighe et bien d\u2019autres sujets.<\/p>\n<p class=\"c1\">Cette \u00e9dition est organis\u00e9e avec le soutien du minist\u00e8re de la Culture et de la Communication, le Centre Cin\u00e9matographique Marocain (CCM), la Soci\u00e9t\u00e9 de D\u00e9veloppement Sa\u00efdia (SDS), la Fondation Hassan II pour les Marocains r\u00e9sidant \u00e0 l\u2019\u00e9tranger, la pr\u00e9fecture de Berkane et le Conseil r\u00e9gional du Tourisme.<\/p>\n<p>Auteur: Soufiane ELAHMAR<br \/>\n<a href=\"http:\/\/www.mapoujda.ma\/fr\/le-festival-de-saidia-cinema-sans-frontieres-de-retour\/\">Cliquez ici pour lire l&rsquo;article depuis sa source.<\/a><\/p>\n","protected":false},"excerpt":{"rendered":"<p>L\u2019Association Al Amal pour la coexistence et le d\u00e9veloppement organise, du 26 au 31 ao\u00fbt courant \u00e0 Sa\u00efdia, la 5\u00e8 \u00e9dition du festival du film \u00ab\u00a0Cin\u00e9ma sans fronti\u00e8res\u00a0\u00bb. Cet \u00e9v\u00e9nement ambitionne de promouvoir la cr\u00e9ativit\u00e9 artistique, de rapprocher le cin\u00e9ma du grand public et de faire conna\u00eetre les nouvelles de la production cin\u00e9matographique nationale et [&hellip;]<\/p>\n","protected":false},"author":1788,"featured_media":0,"comment_status":"closed","ping_status":"closed","sticky":false,"template":"","format":"standard","meta":{"fifu_image_url":"","fifu_image_alt":"","footnotes":""},"categories":[54,76],"tags":[],"class_list":["post-58578","post","type-post","status-publish","format-standard","hentry","category-maroc","category-regions"],"_links":{"self":[{"href":"https:\/\/linitiative.ca\/International\/wp-json\/wp\/v2\/posts\/58578","targetHints":{"allow":["GET"]}}],"collection":[{"href":"https:\/\/linitiative.ca\/International\/wp-json\/wp\/v2\/posts"}],"about":[{"href":"https:\/\/linitiative.ca\/International\/wp-json\/wp\/v2\/types\/post"}],"author":[{"embeddable":true,"href":"https:\/\/linitiative.ca\/International\/wp-json\/wp\/v2\/users\/1788"}],"replies":[{"embeddable":true,"href":"https:\/\/linitiative.ca\/International\/wp-json\/wp\/v2\/comments?post=58578"}],"version-history":[{"count":0,"href":"https:\/\/linitiative.ca\/International\/wp-json\/wp\/v2\/posts\/58578\/revisions"}],"wp:attachment":[{"href":"https:\/\/linitiative.ca\/International\/wp-json\/wp\/v2\/media?parent=58578"}],"wp:term":[{"taxonomy":"category","embeddable":true,"href":"https:\/\/linitiative.ca\/International\/wp-json\/wp\/v2\/categories?post=58578"},{"taxonomy":"post_tag","embeddable":true,"href":"https:\/\/linitiative.ca\/International\/wp-json\/wp\/v2\/tags?post=58578"}],"curies":[{"name":"wp","href":"https:\/\/api.w.org\/{rel}","templated":true}]}}