{"id":58580,"date":"2019-08-19T20:00:00","date_gmt":"2019-08-20T00:00:00","guid":{"rendered":"https:\/\/linitiative.ca\/International\/setif-competence-et-experience\/"},"modified":"2019-08-19T20:00:00","modified_gmt":"2019-08-20T00:00:00","slug":"setif-competence-et-experience","status":"publish","type":"post","link":"https:\/\/linitiative.ca\/International\/setif-competence-et-experience\/","title":{"rendered":"S\u00e9tif : Comp\u00e9tence et exp\u00e9rience"},"content":{"rendered":"<p>C\u2019est en pr\u00e9sence du wali de S\u00e9tif, Mohamed Belkateb, du pr\u00e9sident de l\u2019APW, des autorit\u00e9s civiles et militaires, et des cadres du secteur, que M. Belilita Abdelmadjid, conseiller \u00e0 la Cour supr\u00eame, repr\u00e9sentant du ministre de la Justice, garde des Sceaux, a proc\u00e9d\u00e9, hier, \u00e0 l\u2019installation de MM. Guerouabi Mohamed et Djebari Abdelmadjid dans leurs fonctions respectives de nouveaux pr\u00e9sident de la cour et de procureur g\u00e9n\u00e9ral pr\u00e8s la cour de S\u00e9tif.\u00a0 La c\u00e9r\u00e9monie a \u00e9t\u00e9 marqu\u00e9e par la pr\u00e9sence de Sai Ahmed, b\u00e2tonnier national de l\u2019ordre des avocats, du repr\u00e9sentant de l\u2019Union nationale du barreau, de l\u2019organisation nationale repr\u00e9sentant du barreau, de magistrats et membres de la soci\u00e9t\u00e9 civile. Le repr\u00e9sentant du ministre a soulign\u00e9 que ces deux magistrats sont le produit de l\u2019\u00e9cole alg\u00e9rienne et sont connus pour leurs comp\u00e9tence et exp\u00e9rience, en faisant \u00e9tat, \u00e0 cette occasion, de leur parcours professionnel dans le secteur de la Justice. Un pouvoir sur lequel sont fond\u00e9s de gros espoirs \u00e0 l\u2019effet d\u2019insuffler la dynamique attendue et un souffle nouveau dans la r\u00e9alisation quantitative et qualitative des obligations et devoirs qui sont conf\u00e9r\u00e9s \u00e0 ce secteur. Autant d\u2019objectifs qui sont destin\u00e9s \u00e0 donner sa dimension r\u00e9elle \u00e0 un \u00c9tat de droit.\u00a0 Une justice qui lutte contre la corruption et s\u2019inscrit de plain-pied dans le renforcement de la dynamique de d\u00e9veloppement national, ajoute l\u2019intervenant qui appellera les deux nouveaux responsables \u00e0 accomplir leur devoir avec int\u00e9grit\u00e9 et veiller \u00e0 l\u2019application de la loi, souhaitant par l\u00e0 m\u00eame plein succ\u00e8s aux nouveaux pr\u00e9sident de cour et procureur g\u00e9n\u00e9ral.<br \/>Comme il f\u00e9licitera Zadi Boudjemaa et Belala Djilali, anciens pr\u00e9sident de cour et procureur g\u00e9n\u00e9ral, pour les efforts consentis dans une aussi importante wilaya et un contexte particulier marqu\u00e9 par la lutte contre la corruption.<br \/>F. Zoghbi<\/p>\n<p>Auteur: elmoudjahid<br \/>\n<a href=\"http:\/\/www.elmoudjahid.com\/fr\/actualites\/140883\">Cliquez ici pour lire l&rsquo;article depuis sa source.<\/a><\/p>\n","protected":false},"excerpt":{"rendered":"<p>C\u2019est en pr\u00e9sence du wali de S\u00e9tif, Mohamed Belkateb, du pr\u00e9sident de l\u2019APW, des autorit\u00e9s civiles et militaires, et des cadres du secteur, que M. Belilita Abdelmadjid, conseiller \u00e0 la Cour supr\u00eame, repr\u00e9sentant du ministre de la Justice, garde des Sceaux, a proc\u00e9d\u00e9, hier, \u00e0 l\u2019installation de MM. Guerouabi Mohamed et Djebari Abdelmadjid dans leurs [&hellip;]<\/p>\n","protected":false},"author":1744,"featured_media":0,"comment_status":"closed","ping_status":"closed","sticky":false,"template":"","format":"standard","meta":{"fifu_image_url":"","fifu_image_alt":"","footnotes":""},"categories":[73,53],"tags":[],"class_list":["post-58580","post","type-post","status-publish","format-standard","hentry","category-actualite","category-algerie"],"_links":{"self":[{"href":"https:\/\/linitiative.ca\/International\/wp-json\/wp\/v2\/posts\/58580","targetHints":{"allow":["GET"]}}],"collection":[{"href":"https:\/\/linitiative.ca\/International\/wp-json\/wp\/v2\/posts"}],"about":[{"href":"https:\/\/linitiative.ca\/International\/wp-json\/wp\/v2\/types\/post"}],"author":[{"embeddable":true,"href":"https:\/\/linitiative.ca\/International\/wp-json\/wp\/v2\/users\/1744"}],"replies":[{"embeddable":true,"href":"https:\/\/linitiative.ca\/International\/wp-json\/wp\/v2\/comments?post=58580"}],"version-history":[{"count":0,"href":"https:\/\/linitiative.ca\/International\/wp-json\/wp\/v2\/posts\/58580\/revisions"}],"wp:attachment":[{"href":"https:\/\/linitiative.ca\/International\/wp-json\/wp\/v2\/media?parent=58580"}],"wp:term":[{"taxonomy":"category","embeddable":true,"href":"https:\/\/linitiative.ca\/International\/wp-json\/wp\/v2\/categories?post=58580"},{"taxonomy":"post_tag","embeddable":true,"href":"https:\/\/linitiative.ca\/International\/wp-json\/wp\/v2\/tags?post=58580"}],"curies":[{"name":"wp","href":"https:\/\/api.w.org\/{rel}","templated":true}]}}