{"id":58581,"date":"2019-08-19T20:00:00","date_gmt":"2019-08-20T00:00:00","guid":{"rendered":"https:\/\/linitiative.ca\/International\/blida-et-jijel-nouvelles-missions\/"},"modified":"2019-08-19T20:00:00","modified_gmt":"2019-08-20T00:00:00","slug":"blida-et-jijel-nouvelles-missions","status":"publish","type":"post","link":"https:\/\/linitiative.ca\/International\/blida-et-jijel-nouvelles-missions\/","title":{"rendered":"Blida et Jijel : Nouvelles missions"},"content":{"rendered":"<p>Le secr\u00e9taire g\u00e9n\u00e9ral du minist\u00e8re de la Justice, Mohamed Zougar, a pr\u00e9sid\u00e9, dimanche, la c\u00e9r\u00e9monie d\u2019installation de M. Bensalem Abderrezak, \u00e0 la t\u00eate de la cour de Blida, et M. Djaad Cherif, au poste de procureur g\u00e9n\u00e9ral \u00e0 la m\u00eame cour. Pronon\u00e7ant une allocution, \u00e0 l\u2019occasion de la c\u00e9r\u00e9monie d\u2019installation des nouveaux responsables, M. Zougar a fait \u00e9tat \u00abdes charges et des nouvelles missions confi\u00e9es \u00e0 l\u2019ensemble des cadres et des fonctionnaires du secteur de la Justice, lors de cette \u00e9tape d\u00e9cisive que traverse le pays actuellement, o\u00f9 la lutte contre la corruption sous toutes ses formes et le recouvrement des fonds d\u00e9tourn\u00e9s constituent l\u2019une des priorit\u00e9s urgentes\u00bb. Le m\u00eame responsable a soulign\u00e9 le souci du secteur de la Justice de \u00abparvenir \u00e0 un syst\u00e8me judiciaire moderne \u0153uvrant avec flexibilit\u00e9, facilit\u00e9 et pr\u00e9cision, et lequel devra prot\u00e9ger et rassurer les citoyens, tout en r\u00e9alisant la compl\u00e9mentarit\u00e9 avec le reste des institutions de l\u2019\u00c9tat\u00bb. Il a appel\u00e9 les nouveaux responsables \u00e0 \u0153uvrer \u00e0 la r\u00e9alisation \u00abde l\u2019ind\u00e9pendance du pouvoir judiciaire et \u00e0 s\u2019acquitter de leurs devoirs constitutionnels et juridiques avec objectivit\u00e9, transparence et impartialit\u00e9, tout en respectant l\u2019\u00e9thique professionnelle\u00bb. M. Zougar a pass\u00e9 en revue le long parcours professionnel des deux nouveaux responsables et les diff\u00e9rents postes qu\u2019ils ont occup\u00e9s. Le m\u00eame responsable a salu\u00e9, dans ce sens, les efforts de l\u2019ancien pr\u00e9sident de la cour, M. Djimani Mohamed, et l\u2019ancien procureur g\u00e9n\u00e9ral, M. Chaalal Mourad, et les r\u00e9sultats r\u00e9alis\u00e9s durant les ann\u00e9es o\u00f9 ils assumaient leurs fonctions.<br \/>En outre, l\u2019adjoint du premier pr\u00e9sident de la Cour supr\u00eame, Nadir Bouziani, a proc\u00e9d\u00e9, dimanche, en qualit\u00e9 de repr\u00e9sentant du ministre de la Justice, garde des Sceaux, \u00e0 l\u2019installation des nouveaux pr\u00e9sident et procureur g\u00e9n\u00e9ral de la cour de Jijel, Abdelkhalek Bencheikh et Mouloud Benyahia, en remplacement d\u2019Ali Bouchafai et Lotfi Boudjema\u00e2, appel\u00e9s \u00e0 d\u2019autres fonctions. Au cours de cette c\u00e9r\u00e9monie qui s\u2019est d\u00e9roul\u00e9e au si\u00e8ge de la cour de Jijel, en pr\u00e9sence des autorit\u00e9s locales civiles et militaires de la wilaya, M. Bouziani a indiqu\u00e9 que \u00abces nominations visent \u00e0 donner une nouvelle dynamique au secteur de la Justice, de mani\u00e8re \u00e0 r\u00e9ponde aux exigences de ses missions d\u00e9licates, en particulier au cours de cette conjoncture que traverse le pays\u00bb. Il a \u00e9galement relev\u00e9 \u00able poids des t\u00e2ches\u00bb incombant aux nouveau pr\u00e9sident et procureur g\u00e9n\u00e9ral de la cour de Jijel, ainsi qu\u2019aux juges et assistants de la m\u00eame structure judiciaire, en particulier, a-t-il soutenu, \u00abdans cette p\u00e9riode cruciale, caract\u00e9ris\u00e9e par la lutte contre la corruption et le rapatriement des fonds d\u00e9tourn\u00e9s\u00bb. M. Bouziani a \u00e9galement rappel\u00e9 les d\u00e9fis qui attendent le secteur de la Justice, appel\u00e9 \u00e0 \u0153uvrer pour \u00abune justice citoyenne, moderne, flexible et de proximit\u00e9\u00bb.<\/p>\n<p>Auteur: elmoudjahid<br \/>\n<a href=\"http:\/\/www.elmoudjahid.com\/fr\/actualites\/140884\">Cliquez ici pour lire l&rsquo;article depuis sa source.<\/a><\/p>\n","protected":false},"excerpt":{"rendered":"<p>Le secr\u00e9taire g\u00e9n\u00e9ral du minist\u00e8re de la Justice, Mohamed Zougar, a pr\u00e9sid\u00e9, dimanche, la c\u00e9r\u00e9monie d\u2019installation de M. Bensalem Abderrezak, \u00e0 la t\u00eate de la cour de Blida, et M. Djaad Cherif, au poste de procureur g\u00e9n\u00e9ral \u00e0 la m\u00eame cour. Pronon\u00e7ant une allocution, \u00e0 l\u2019occasion de la c\u00e9r\u00e9monie d\u2019installation des nouveaux responsables, M. Zougar [&hellip;]<\/p>\n","protected":false},"author":1744,"featured_media":0,"comment_status":"closed","ping_status":"closed","sticky":false,"template":"","format":"standard","meta":{"fifu_image_url":"","fifu_image_alt":"","footnotes":""},"categories":[73,53],"tags":[],"class_list":["post-58581","post","type-post","status-publish","format-standard","hentry","category-actualite","category-algerie"],"_links":{"self":[{"href":"https:\/\/linitiative.ca\/International\/wp-json\/wp\/v2\/posts\/58581","targetHints":{"allow":["GET"]}}],"collection":[{"href":"https:\/\/linitiative.ca\/International\/wp-json\/wp\/v2\/posts"}],"about":[{"href":"https:\/\/linitiative.ca\/International\/wp-json\/wp\/v2\/types\/post"}],"author":[{"embeddable":true,"href":"https:\/\/linitiative.ca\/International\/wp-json\/wp\/v2\/users\/1744"}],"replies":[{"embeddable":true,"href":"https:\/\/linitiative.ca\/International\/wp-json\/wp\/v2\/comments?post=58581"}],"version-history":[{"count":0,"href":"https:\/\/linitiative.ca\/International\/wp-json\/wp\/v2\/posts\/58581\/revisions"}],"wp:attachment":[{"href":"https:\/\/linitiative.ca\/International\/wp-json\/wp\/v2\/media?parent=58581"}],"wp:term":[{"taxonomy":"category","embeddable":true,"href":"https:\/\/linitiative.ca\/International\/wp-json\/wp\/v2\/categories?post=58581"},{"taxonomy":"post_tag","embeddable":true,"href":"https:\/\/linitiative.ca\/International\/wp-json\/wp\/v2\/tags?post=58581"}],"curies":[{"name":"wp","href":"https:\/\/api.w.org\/{rel}","templated":true}]}}