{"id":58583,"date":"2019-08-19T20:00:00","date_gmt":"2019-08-20T00:00:00","guid":{"rendered":"https:\/\/linitiative.ca\/International\/deux-dates-phare-de-la-revolution-une-memoire-a-entretenir\/"},"modified":"2019-08-19T20:00:00","modified_gmt":"2019-08-20T00:00:00","slug":"deux-dates-phare-de-la-revolution-une-memoire-a-entretenir","status":"publish","type":"post","link":"https:\/\/linitiative.ca\/International\/deux-dates-phare-de-la-revolution-une-memoire-a-entretenir\/","title":{"rendered":"Deux dates phare de la R\u00e9volution  : Une m\u00e9moire \u00e0 entretenir"},"content":{"rendered":"<p>Le double anniversaire de l\u2019offensive du Nord-Constantinois et du Congr\u00e8s de la Soummam (20 ao\u00fbt 1955\/1956) constitue des dates phare de la R\u00e9volution alg\u00e9rienne, au regard de leurs r\u00e9sultats sur le processus de lib\u00e9ration de l\u2019Alg\u00e9rie du joug du colonialisme fran\u00e7ais. Les moudjahidine, \u00e0 chaque participation \u00e0 des journ\u00e9es comm\u00e9moratives des ces \u00e9v\u00e9nements, lors des ann\u00e9es derni\u00e8res, indiquent que le fait d\u2019\u00e9voquer ces deux dates d\u00e9cisives dans le mouvement national \u00e9tait \u00e0 m\u00eame de remonter le moral des g\u00e9n\u00e9rations actuelles et leur inculquer que ces dates \u00e9taient des dates phare de l\u2019histoire de la r\u00e9volution nationale. C\u2019est en repr\u00e9sailles au carnage entrepris par les colons europ\u00e9ens \u00e0 l\u2019encontre des populations que la direction du FLN d\u00e9cida d\u2019organiser une offensive.<br \/>Les historiens et chercheurs expliquent que les \u00e9v\u00e8nements du 20 ao\u00fbt 1955 vont servir d\u2019acc\u00e9l\u00e9rateur \u00e0 la guerre de lib\u00e9ration et de r\u00e9ponse \u00e0 l\u2019ordre colonial. Une ann\u00e9e apr\u00e8s l\u2019offensive du 20 ao\u00fbt 1955, \u00e9tait organis\u00e9 le Congr\u00e8s dit de la Soummam.<br \/>Ce congr\u00e8s intervient quelques ann\u00e9es apr\u00e8s le d\u00e9but du combat de lib\u00e9ration inaugur\u00e9 le 1 er Novembre et qui va contribuer \u00e0 renforcer la r\u00e9volution. La R\u00e9volution a connu plusieurs \u00e9v\u00e9nements importants et d\u00e9cisifs, partant du 1er novembre 1954 et avant cela le 8 mai 1945, jusqu\u2019au 17 octobre 1961 et d\u2019autres \u00e9tapes primordiales devant faire l\u2019objet d\u2019\u00e9tudes et d\u2019analyses.<br \/>Les moudjahidine t\u00e9moignent que ces deux dates sont importantes en raison des conditions difficiles tant en 1955 qu\u2019en 1956, notamment suite au renforcement des effectifs de l\u2019arm\u00e9e coloniale fran\u00e7aise entre 1954 et 1955, passant de 40.000 \u00e0 80.000 soldats. Ils ont toujours appel\u00e9 \u00e0 la n\u00e9cessit\u00e9 de se rem\u00e9morer les anciens combattants qui ont particip\u00e9 aux grands \u00e9v\u00e9nements et op\u00e9rations de la R\u00e9volution alg\u00e9rienne, tout en mettant en avant leur contribution, notamment lors de l\u2019Offensive du Nord-Constantinois ou du Congr\u00e8s de la Soummam, citant notamment Abane Ramdane, Amar Ouzegane, Bedjaoui Mohamed, Temmam, Bouattoura Mourad, Aissa Kechida et autres.<br \/>L\u2019histoire de la r\u00e9volution est aussi li\u00e9e au \u00e0 la prise en charge du dossier de la m\u00e9moire dans le cadre d\u2019une approche objective \u00e0 travers laquelle la France devrait assumer ses responsabilit\u00e9s historiques et reconna\u00eetre ses exactions contre le peuple alg\u00e9rien.<br \/>Des efforts s\u2019imposent pour prendre en charge le dossier avec s\u00e9r\u00e9nit\u00e9 et clairvoyance, dans le cadre d\u2019une approche objective, comme l\u2019avait soulign\u00e9 \u00e0 plusieurs reprises le ministre de Moudjahidine.<br \/>Un travail de commissions mises en place est entam\u00e9 pour la prise en charge d\u2019un certain nombre de dossiers en suspens, notamment la r\u00e9cup\u00e9ration des archives, les disparus durant la guerre de lib\u00e9ration et l\u2019indemnisation des victimes des essais nucl\u00e9aires dans le Sahara alg\u00e9rien.<br \/>S\u2019agissant de la question des archives nationales que la France refuse de restituer \u00e0 l\u2019Alg\u00e9rie, il est indiqu\u00e9 \u00e0 plusieurs reprises que les pourparlers avec la partie fran\u00e7aise se poursuivaient au niveau des commissions techniques, mais la d\u00e9marche est lente, m\u00eame si elle s\u2019orienterait r\u00e9solument vers une solution satisfaisante pour la partie alg\u00e9rienne. \u00c0 souligner que le Centre des archives nationales a coutume d\u2019organiser des\u00a0 expositions de documents intitul\u00e9e sur l\u2019offensive du Nord-Constantinois qualifi\u00e9 d\u2019un pas pour l\u2019internationalisation de la cause alg\u00e9rienne et la tenue du congr\u00e8s de la Soummam. Le double anniversaire de l\u2019offensive du Nord-Constantinois le 20 ao\u00fbt 1955 et la tenue du congr\u00e8s de la Soummam le 20 ao\u00fbt 1956 a toujours \u00e9t\u00e9 marqu\u00e9 par l\u2019exposition de documents authentiques qui retracent ces \u00e9v\u00e8nements, outre la projection de filmes documentaires. Des manifestations historiques sont aussi pr\u00e9vues tout au long du mois d\u2019ao\u00fbt, avec pour objectif de mettre en avant les archives nationales, dont nombre d\u2019\u00e9crivains et de chercheurs en histoire ont en besoin pour leurs travaux.<br \/>\u00a0<\/p>\n<p>Auteur: elmoudjahid<br \/>\n<a href=\"http:\/\/www.elmoudjahid.com\/fr\/actualites\/140886\">Cliquez ici pour lire l&rsquo;article depuis sa source.<\/a><\/p>\n","protected":false},"excerpt":{"rendered":"<p>Le double anniversaire de l\u2019offensive du Nord-Constantinois et du Congr\u00e8s de la Soummam (20 ao\u00fbt 1955\/1956) constitue des dates phare de la R\u00e9volution alg\u00e9rienne, au regard de leurs r\u00e9sultats sur le processus de lib\u00e9ration de l\u2019Alg\u00e9rie du joug du colonialisme fran\u00e7ais. Les moudjahidine, \u00e0 chaque participation \u00e0 des journ\u00e9es comm\u00e9moratives des ces \u00e9v\u00e9nements, lors des [&hellip;]<\/p>\n","protected":false},"author":1744,"featured_media":0,"comment_status":"closed","ping_status":"closed","sticky":false,"template":"","format":"standard","meta":{"fifu_image_url":"","fifu_image_alt":"","footnotes":""},"categories":[73,53],"tags":[],"class_list":["post-58583","post","type-post","status-publish","format-standard","hentry","category-actualite","category-algerie"],"_links":{"self":[{"href":"https:\/\/linitiative.ca\/International\/wp-json\/wp\/v2\/posts\/58583","targetHints":{"allow":["GET"]}}],"collection":[{"href":"https:\/\/linitiative.ca\/International\/wp-json\/wp\/v2\/posts"}],"about":[{"href":"https:\/\/linitiative.ca\/International\/wp-json\/wp\/v2\/types\/post"}],"author":[{"embeddable":true,"href":"https:\/\/linitiative.ca\/International\/wp-json\/wp\/v2\/users\/1744"}],"replies":[{"embeddable":true,"href":"https:\/\/linitiative.ca\/International\/wp-json\/wp\/v2\/comments?post=58583"}],"version-history":[{"count":0,"href":"https:\/\/linitiative.ca\/International\/wp-json\/wp\/v2\/posts\/58583\/revisions"}],"wp:attachment":[{"href":"https:\/\/linitiative.ca\/International\/wp-json\/wp\/v2\/media?parent=58583"}],"wp:term":[{"taxonomy":"category","embeddable":true,"href":"https:\/\/linitiative.ca\/International\/wp-json\/wp\/v2\/categories?post=58583"},{"taxonomy":"post_tag","embeddable":true,"href":"https:\/\/linitiative.ca\/International\/wp-json\/wp\/v2\/tags?post=58583"}],"curies":[{"name":"wp","href":"https:\/\/api.w.org\/{rel}","templated":true}]}}