{"id":58603,"date":"2019-08-20T13:49:00","date_gmt":"2019-08-20T17:49:00","guid":{"rendered":"https:\/\/linitiative.ca\/International\/mostaganem-2-pecheurs-sauves-au-large\/"},"modified":"2019-08-20T13:49:00","modified_gmt":"2019-08-20T17:49:00","slug":"mostaganem-2-pecheurs-sauves-au-large","status":"publish","type":"post","link":"https:\/\/linitiative.ca\/International\/mostaganem-2-pecheurs-sauves-au-large\/","title":{"rendered":"MOSTAGANEM : 2 p\u00e9cheurs sauv\u00e9s au large"},"content":{"rendered":"<p><br id=\"sep_para_1\" class=\"sep_para access\"\/><\/p>\n<div id=\"para_1\" class=\"para_32627007 resize\">\n<div class=\"texte access firstletter\">Les gardes c\u00f4tes de la wilaya de Mostaganem sont intervenus\u00a0 dimanche\u00a0 dernier\u00a0\u00a0 pour\u00a0 porter secours \u00e0\u00a0 deux\u00a0 p\u00eacheurs\u00a0 qui\u00a0 ont \u00e9t\u00e9 sauv\u00e9s apr\u00e8s que leurs embarcation de p\u00eache\u00a0 ait disparue\u00a0 pendant des\u00a0 heures au large de la\u00a0 mer . En effet, l\u2019op\u00e9ration de recherche, men\u00e9e par les gardes- c\u00f4tes a \u00e9t\u00e9 entam\u00e9e la soir\u00e9e du dimanche dernier vers 23 heures. Heureusement\u00a0 que le bateau de p\u00eache a \u00e9t\u00e9 retrouv\u00e9, \u00e0 12 miles marins (22 km) au nord du port de Mostaganem. Les unit\u00e9s de la Garde c\u00f4te\u00a0 ont port\u00e9 secours\u00a0 et sauv\u00e9 les deux\u00a0 p\u00eacheurs,\u00a0 lesquels se trouvaient\u00a0 en bonne sant\u00e9. Il s\u2019agit d\u2019un p\u00e8re \u00e2g\u00e9 de (44 ans) et son fils (18 ans).\u00a0 Ces derniers ont\u00a0 \u00e9t\u00e9 transf\u00e9r\u00e9s vers le port commercial de Mostaganem, ajoute la m\u00eame source.\u00a0\u00a0 Notons que\u00a0 le p\u00eacheur et son fils\u00a0 ont pris le large depuis\u00a0 la plage de Sidi Majdoub, \u00e0 l\u2019aube de\u00a0 dimanche dernier vers\u00a0 (4 heures du matin), alors qu\u2019ils ont \u00e9t\u00e9 bloqu\u00e9s\u00a0 au large de la mer, en raison d&rsquo;une panne de carburant et aux mauvaises conditions climatiques, a t on ajout\u00e9.\u00a0\u00a0\u00a0\u00a0\u00a0\u00a0<\/div>\n<\/div>\n<p>Auteur: G.Yacine<br \/>\n<a href=\"https:\/\/www.reflexiondz.net\/MOSTAGANEM-2-pecheurs-sauves-au-large_a57218.html\">Cliquez ici pour lire l&rsquo;article depuis sa source.<\/a><\/p>\n","protected":false},"excerpt":{"rendered":"<p>Les gardes c\u00f4tes de la wilaya de Mostaganem sont intervenus\u00a0 dimanche\u00a0 dernier\u00a0\u00a0 pour\u00a0 porter secours \u00e0\u00a0 deux\u00a0 p\u00eacheurs\u00a0 qui\u00a0 ont \u00e9t\u00e9 sauv\u00e9s apr\u00e8s que leurs embarcation de p\u00eache\u00a0 ait disparue\u00a0 pendant des\u00a0 heures au large de la\u00a0 mer . En effet, l\u2019op\u00e9ration de recherche, men\u00e9e par les gardes- c\u00f4tes a \u00e9t\u00e9 entam\u00e9e la soir\u00e9e du [&hellip;]<\/p>\n","protected":false},"author":1740,"featured_media":0,"comment_status":"closed","ping_status":"closed","sticky":false,"template":"","format":"standard","meta":{"fifu_image_url":"","fifu_image_alt":"","footnotes":""},"categories":[53,76],"tags":[],"class_list":["post-58603","post","type-post","status-publish","format-standard","hentry","category-algerie","category-regions"],"_links":{"self":[{"href":"https:\/\/linitiative.ca\/International\/wp-json\/wp\/v2\/posts\/58603","targetHints":{"allow":["GET"]}}],"collection":[{"href":"https:\/\/linitiative.ca\/International\/wp-json\/wp\/v2\/posts"}],"about":[{"href":"https:\/\/linitiative.ca\/International\/wp-json\/wp\/v2\/types\/post"}],"author":[{"embeddable":true,"href":"https:\/\/linitiative.ca\/International\/wp-json\/wp\/v2\/users\/1740"}],"replies":[{"embeddable":true,"href":"https:\/\/linitiative.ca\/International\/wp-json\/wp\/v2\/comments?post=58603"}],"version-history":[{"count":0,"href":"https:\/\/linitiative.ca\/International\/wp-json\/wp\/v2\/posts\/58603\/revisions"}],"wp:attachment":[{"href":"https:\/\/linitiative.ca\/International\/wp-json\/wp\/v2\/media?parent=58603"}],"wp:term":[{"taxonomy":"category","embeddable":true,"href":"https:\/\/linitiative.ca\/International\/wp-json\/wp\/v2\/categories?post=58603"},{"taxonomy":"post_tag","embeddable":true,"href":"https:\/\/linitiative.ca\/International\/wp-json\/wp\/v2\/tags?post=58603"}],"curies":[{"name":"wp","href":"https:\/\/api.w.org\/{rel}","templated":true}]}}