{"id":58604,"date":"2019-08-20T13:49:00","date_gmt":"2019-08-20T17:49:00","guid":{"rendered":"https:\/\/linitiative.ca\/International\/oran-26-harraga-interceptes-au-large-de-cap-falcon\/"},"modified":"2019-08-20T13:49:00","modified_gmt":"2019-08-20T17:49:00","slug":"oran-26-harraga-interceptes-au-large-de-cap-falcon","status":"publish","type":"post","link":"https:\/\/linitiative.ca\/International\/oran-26-harraga-interceptes-au-large-de-cap-falcon\/","title":{"rendered":"ORAN : 26 \u2018\u2019harraga\u2019\u2019 intercept\u00e9s au large de Cap Falcon"},"content":{"rendered":"<p><br id=\"sep_para_1\" class=\"sep_para access\"\/><\/p>\n<div id=\"para_1\" class=\"para_32626998 resize\">\n<div class=\"texte access firstletter\">Apr\u00e8s une si courte accalmie qui n\u2019a dur\u00e9 que quelques mois, le ph\u00e9nom\u00e8ne de la \u2018\u2019harga\u2019\u2019 semble reprendre de nouveau. Dans la matin\u00e9e de lundi dernier, 26 \u2018\u2019harraga\u2019\u2019 ont \u00e9t\u00e9 intercept\u00e9s par des gardes-c\u00f4tes, alors qu\u2019ils tentaient de rejoindre les c\u00f4tes ib\u00e9riques \u00e0 bord d\u2019embarcations de fortune.\u00a0 Compos\u00e9s de\u00a0 deux groupes de candidats \u00e0 l\u2019\u00e9migration clandestine, chacun \u00e0 bord d\u2019une embarcation de fortune, les \u2018\u2019clandestins \u2018\u2019 ont \u00e9t\u00e9 intercept\u00e9s alors qu\u2019ils se trouvaient au large de Cap Falcon, dans la commune baln\u00e9aire d\u2019A\u00efn El Turck. Le premier convoi comprenait 12 \u2018\u2019harraga\u2019\u2019, dont\u00a0 3 femmes\u00a0 et une mineure. Ils \u00e9taient tous \u00e0 bord d\u2019un bateau de plaisance en polyester avec moteur. Ils se trouvaient \u00e0 7 miles au nord-ouest de Cap Falcon quand ils ont \u00e9t\u00e9 intercept\u00e9s. Le deuxi\u00e8me convoi comprenait un groupe de 14 \u2018\u2019harraga\u2019\u2019, \u00e0 bord d\u2019une embarcation de fortune. Les gardes-c\u00f4tes sont parvenus \u00e0 les intercepter alors qu\u2019ils se trouvaient \u00e0 16 miles au nord de Cap Falcon. Une fois les deux embarcations arraisonn\u00e9es, les candidats \u00e0 l\u2019\u00e9migration clandestine ont \u00e9t\u00e9 remis aux \u00e9l\u00e9ments de la gendarmerie nationale.\u00a0\u00a0\u00a0\u00a0<\/div>\n<\/div>\n<p>Auteur: Smain<br \/>\n<a href=\"https:\/\/www.reflexiondz.net\/ORAN-26-harraga-interceptes-au-large-de-Cap-Falcon_a57216.html\">Cliquez ici pour lire l&rsquo;article depuis sa source.<\/a><\/p>\n","protected":false},"excerpt":{"rendered":"<p>Apr\u00e8s une si courte accalmie qui n\u2019a dur\u00e9 que quelques mois, le ph\u00e9nom\u00e8ne de la \u2018\u2019harga\u2019\u2019 semble reprendre de nouveau. Dans la matin\u00e9e de lundi dernier, 26 \u2018\u2019harraga\u2019\u2019 ont \u00e9t\u00e9 intercept\u00e9s par des gardes-c\u00f4tes, alors qu\u2019ils tentaient de rejoindre les c\u00f4tes ib\u00e9riques \u00e0 bord d\u2019embarcations de fortune.\u00a0 Compos\u00e9s de\u00a0 deux groupes de candidats \u00e0 l\u2019\u00e9migration [&hellip;]<\/p>\n","protected":false},"author":1740,"featured_media":0,"comment_status":"closed","ping_status":"closed","sticky":false,"template":"","format":"standard","meta":{"fifu_image_url":"","fifu_image_alt":"","footnotes":""},"categories":[53,76],"tags":[],"class_list":["post-58604","post","type-post","status-publish","format-standard","hentry","category-algerie","category-regions"],"_links":{"self":[{"href":"https:\/\/linitiative.ca\/International\/wp-json\/wp\/v2\/posts\/58604","targetHints":{"allow":["GET"]}}],"collection":[{"href":"https:\/\/linitiative.ca\/International\/wp-json\/wp\/v2\/posts"}],"about":[{"href":"https:\/\/linitiative.ca\/International\/wp-json\/wp\/v2\/types\/post"}],"author":[{"embeddable":true,"href":"https:\/\/linitiative.ca\/International\/wp-json\/wp\/v2\/users\/1740"}],"replies":[{"embeddable":true,"href":"https:\/\/linitiative.ca\/International\/wp-json\/wp\/v2\/comments?post=58604"}],"version-history":[{"count":0,"href":"https:\/\/linitiative.ca\/International\/wp-json\/wp\/v2\/posts\/58604\/revisions"}],"wp:attachment":[{"href":"https:\/\/linitiative.ca\/International\/wp-json\/wp\/v2\/media?parent=58604"}],"wp:term":[{"taxonomy":"category","embeddable":true,"href":"https:\/\/linitiative.ca\/International\/wp-json\/wp\/v2\/categories?post=58604"},{"taxonomy":"post_tag","embeddable":true,"href":"https:\/\/linitiative.ca\/International\/wp-json\/wp\/v2\/tags?post=58604"}],"curies":[{"name":"wp","href":"https:\/\/api.w.org\/{rel}","templated":true}]}}