{"id":58605,"date":"2019-08-20T13:49:00","date_gmt":"2019-08-20T17:49:00","guid":{"rendered":"https:\/\/linitiative.ca\/International\/ksar-chellala-tiaret-sit-in-des-beneficiaires-des-logements-sociaux\/"},"modified":"2019-08-20T13:49:00","modified_gmt":"2019-08-20T17:49:00","slug":"ksar-chellala-tiaret-sit-in-des-beneficiaires-des-logements-sociaux","status":"publish","type":"post","link":"https:\/\/linitiative.ca\/International\/ksar-chellala-tiaret-sit-in-des-beneficiaires-des-logements-sociaux\/","title":{"rendered":"KSAR CHELLALA (TIARET) : Sit-in des b\u00e9n\u00e9ficiaires des logements sociaux"},"content":{"rendered":"<p><br id=\"sep_para_1\" class=\"sep_para access\"\/><\/p>\n<div id=\"para_1\" class=\"para_32626989 resize\">\n<div class=\"texte access firstletter\">Ce mouvement a \u00e9t\u00e9 d\u00e9clench\u00e9\u00a0 apr\u00e8s\u00a0 plusieurs mois de l&rsquo;affichage des listes ainsi que les proc\u00e9dures de tirage au sort visant l&rsquo;affectation des logements tout \u00e0 noter que 3 entreprises de b\u00e2timent se partagent le quota des\u00a0 232 logements sociaux dont 2 entreprises ont d\u00e9j\u00e0 achev\u00e9 leurs travaux, tandis que la 3eme entreprise accuse un flagrant retard. Dans le m\u00eame contexte, nos sources indiquent que les contestataires ont saisi toutes les instances concern\u00e9es, dont le wali de Tiaret, pour rappeler cette entreprise \u00e0 l&rsquo;ordre, eu \u00e9gard au calvaire v\u00e9cu par ces contestataires qui attendent depuis des mois et n&rsquo;ont pas encore rejoint leurs logements et ce, apr\u00e8s de longues attentes depuis des ann\u00e9es, tout \u00e0 signaler que 90% des contestataires sont somm\u00e9s de\u00a0 payer des avances, vu leur situation de locataires et de surcro\u00eet des familles d\u00e9munies, et \u00e0 l&rsquo;heure o\u00f9 nous mettons sous presse, l\u2019on apprend que les contestataires ont \u00e9t\u00e9 re\u00e7us par le secr\u00e9taire g\u00e9n\u00e9ral de la daira,qui leur a donn\u00e9 des explications. Le climat des discussions parait ne pas satisfaire les contestataires qui menacent de hausser le ton et passer \u00e0 la vitesse sup\u00e9rieure au cas o\u00f9 l&rsquo;entreprise concern\u00e9e par l\u2019ach\u00e8vement des travaux, serait toujours h\u00f4te de l&rsquo;impunit\u00e9 et aussi les r\u00e9ticences des responsables locaux qui se d\u00e9marquent de leurs engagements&#8230;Avec un air tr\u00e8s s\u00e9rieux, les contestataires se sont dispers\u00e9s pour attendre d&rsquo;autres lendemains&#8230;.plus cl\u00e9ments&#8230;Nous y reviendrons.<\/div>\n<\/div>\n<p>Auteur: Abdelkader Benrebiha<br \/>\n<a href=\"https:\/\/www.reflexiondz.net\/KSAR-CHELLALA-TIARET-Sit-in-des-beneficiaires-des-logements-sociaux_a57215.html\">Cliquez ici pour lire l&rsquo;article depuis sa source.<\/a><\/p>\n","protected":false},"excerpt":{"rendered":"<p>Ce mouvement a \u00e9t\u00e9 d\u00e9clench\u00e9\u00a0 apr\u00e8s\u00a0 plusieurs mois de l&rsquo;affichage des listes ainsi que les proc\u00e9dures de tirage au sort visant l&rsquo;affectation des logements tout \u00e0 noter que 3 entreprises de b\u00e2timent se partagent le quota des\u00a0 232 logements sociaux dont 2 entreprises ont d\u00e9j\u00e0 achev\u00e9 leurs travaux, tandis que la 3eme entreprise accuse un [&hellip;]<\/p>\n","protected":false},"author":1740,"featured_media":0,"comment_status":"closed","ping_status":"closed","sticky":false,"template":"","format":"standard","meta":{"fifu_image_url":"","fifu_image_alt":"","footnotes":""},"categories":[53,76],"tags":[],"class_list":["post-58605","post","type-post","status-publish","format-standard","hentry","category-algerie","category-regions"],"_links":{"self":[{"href":"https:\/\/linitiative.ca\/International\/wp-json\/wp\/v2\/posts\/58605","targetHints":{"allow":["GET"]}}],"collection":[{"href":"https:\/\/linitiative.ca\/International\/wp-json\/wp\/v2\/posts"}],"about":[{"href":"https:\/\/linitiative.ca\/International\/wp-json\/wp\/v2\/types\/post"}],"author":[{"embeddable":true,"href":"https:\/\/linitiative.ca\/International\/wp-json\/wp\/v2\/users\/1740"}],"replies":[{"embeddable":true,"href":"https:\/\/linitiative.ca\/International\/wp-json\/wp\/v2\/comments?post=58605"}],"version-history":[{"count":0,"href":"https:\/\/linitiative.ca\/International\/wp-json\/wp\/v2\/posts\/58605\/revisions"}],"wp:attachment":[{"href":"https:\/\/linitiative.ca\/International\/wp-json\/wp\/v2\/media?parent=58605"}],"wp:term":[{"taxonomy":"category","embeddable":true,"href":"https:\/\/linitiative.ca\/International\/wp-json\/wp\/v2\/categories?post=58605"},{"taxonomy":"post_tag","embeddable":true,"href":"https:\/\/linitiative.ca\/International\/wp-json\/wp\/v2\/tags?post=58605"}],"curies":[{"name":"wp","href":"https:\/\/api.w.org\/{rel}","templated":true}]}}