{"id":58606,"date":"2019-08-20T13:49:00","date_gmt":"2019-08-20T17:49:00","guid":{"rendered":"https:\/\/linitiative.ca\/International\/sidi-bel-abbes-les-travailleurs-de-lapc-entrent-en-greve\/"},"modified":"2019-08-20T13:49:00","modified_gmt":"2019-08-20T17:49:00","slug":"sidi-bel-abbes-les-travailleurs-de-lapc-entrent-en-greve","status":"publish","type":"post","link":"https:\/\/linitiative.ca\/International\/sidi-bel-abbes-les-travailleurs-de-lapc-entrent-en-greve\/","title":{"rendered":"SIDI BEL ABBES : Les travailleurs de  l&rsquo;APC entrent en gr\u00e8ve"},"content":{"rendered":"<p><br id=\"sep_para_1\" class=\"sep_para access\"\/><\/p>\n<div id=\"para_1\" class=\"para_32626986 resize\">\n<div class=\"texte access firstletter\">Les travailleurs\u00a0 de l\u2019APC de Sidi Bel-Abb\u00e8s, ont d\u00e9cid\u00e9\u00a0 encore une fois d&rsquo;observer une gr\u00e8ve illimit\u00e9e \u00e0 partir de ce mardi 20 ao\u00fbt 2019 en tentant de paralyser l\u2019administration municipale et toutes les annexes. La gr\u00e8ve a \u00e9t\u00e9 initi\u00e9e par les syndicalistes affili\u00e9s \u00e0 l\u2019UGTA, qui ont tenu \u00e0\u00a0 saluer les efforts colossaux d\u00e9ploy\u00e9s par\u00a0 certains \u00e9lus en contribution du\u00a0 secr\u00e9taire g\u00e9n\u00e9ral dans l&rsquo;espoir de\u00a0 r\u00e9soudre les probl\u00e8mes d&rsquo;ordre socioprofessionnel des travailleurs. Ils d\u00e9noncent \u00e9galement\u00a0 ce qu\u2019ils appellent la mauvaise\u00a0 gestion du P\/APC, accus\u00e9 de n\u00e9gliger leurs pr\u00e9occupations .Dans leur plateforme revendicative, les gr\u00e9vistes soulignent que le premier magistrat de la municipalit\u00e9 ne fait que\u00a0 semer la zizanie au sein de l\u2019APC en donnant m\u00eame son consentement\u00a0 \u00e0 la cr\u00e9ation d\u2019un syndicat\u00a0 parall\u00e8le\u00a0\u00a0 \u00e0 celui de l&rsquo;UGTA. Comme il boude toute tentative de dialogue et de\u00a0 transparence. Les gr\u00e9vistes exigent le d\u00e9part sans condition du maire\u00a0 et l\u2019ouverture d\u2019une enqu\u00eate sur la gestion de l\u2019APC. Ils\u00a0 revendiquent leurs primes de rendement et leur droit aux \u00e9chelons, visant l&rsquo;am\u00e9lioration de leurs conditions socioprofessionnelles, notamment celles des travailleurs\u00a0 contractuels dits\u00a0 des 5h int\u00e9gr\u00e9es au syst\u00e8me de 8h. Le P\/APC\u00a0 pour sa part a tenu d\u2019expliquer que la cr\u00e9ation du syndicat du SNAPAP a \u00e9t\u00e9 autoris\u00e9 par voie r\u00e9glementaire et avec l\u2019accord du SG du dit syndicat sans aucune pr\u00e9tention de cr\u00e9er un climat conflictuel entre les travailleurs, en ajoutant que les portes du dialogue demeurent\u00a0 toujours ouvertes avec les travailleurs d\u2019une mani\u00e8re g\u00e9n\u00e9rale, et le partenaire social plus particuli\u00e8rement. Il a\u00a0 expliqu\u00e9 que durant le mois dernier, les travailleurs ont per\u00e7u leurs primes de rendement qu&rsquo;ils percevaient encore\u00a0\u00a0 cette semaine.\u00a0\u00a0\u00a0\u00a0\u00a0\u00a0\u00a0\u00a0\u00a0<\/div>\n<\/div>\n<p>Auteur: N.Moussa<br \/>\n<a href=\"https:\/\/www.reflexiondz.net\/SIDI-BEL-ABBES-Les-travailleurs-de-l-APC-entrent-en-greve_a57214.html\">Cliquez ici pour lire l&rsquo;article depuis sa source.<\/a><\/p>\n","protected":false},"excerpt":{"rendered":"<p>Les travailleurs\u00a0 de l\u2019APC de Sidi Bel-Abb\u00e8s, ont d\u00e9cid\u00e9\u00a0 encore une fois d&rsquo;observer une gr\u00e8ve illimit\u00e9e \u00e0 partir de ce mardi 20 ao\u00fbt 2019 en tentant de paralyser l\u2019administration municipale et toutes les annexes. La gr\u00e8ve a \u00e9t\u00e9 initi\u00e9e par les syndicalistes affili\u00e9s \u00e0 l\u2019UGTA, qui ont tenu \u00e0\u00a0 saluer les efforts colossaux d\u00e9ploy\u00e9s par\u00a0 [&hellip;]<\/p>\n","protected":false},"author":1740,"featured_media":0,"comment_status":"closed","ping_status":"closed","sticky":false,"template":"","format":"standard","meta":{"fifu_image_url":"","fifu_image_alt":"","footnotes":""},"categories":[53,76],"tags":[],"class_list":["post-58606","post","type-post","status-publish","format-standard","hentry","category-algerie","category-regions"],"_links":{"self":[{"href":"https:\/\/linitiative.ca\/International\/wp-json\/wp\/v2\/posts\/58606","targetHints":{"allow":["GET"]}}],"collection":[{"href":"https:\/\/linitiative.ca\/International\/wp-json\/wp\/v2\/posts"}],"about":[{"href":"https:\/\/linitiative.ca\/International\/wp-json\/wp\/v2\/types\/post"}],"author":[{"embeddable":true,"href":"https:\/\/linitiative.ca\/International\/wp-json\/wp\/v2\/users\/1740"}],"replies":[{"embeddable":true,"href":"https:\/\/linitiative.ca\/International\/wp-json\/wp\/v2\/comments?post=58606"}],"version-history":[{"count":0,"href":"https:\/\/linitiative.ca\/International\/wp-json\/wp\/v2\/posts\/58606\/revisions"}],"wp:attachment":[{"href":"https:\/\/linitiative.ca\/International\/wp-json\/wp\/v2\/media?parent=58606"}],"wp:term":[{"taxonomy":"category","embeddable":true,"href":"https:\/\/linitiative.ca\/International\/wp-json\/wp\/v2\/categories?post=58606"},{"taxonomy":"post_tag","embeddable":true,"href":"https:\/\/linitiative.ca\/International\/wp-json\/wp\/v2\/tags?post=58606"}],"curies":[{"name":"wp","href":"https:\/\/api.w.org\/{rel}","templated":true}]}}