{"id":58616,"date":"2019-08-20T10:15:00","date_gmt":"2019-08-20T14:15:00","guid":{"rendered":"https:\/\/linitiative.ca\/International\/lazhar-karoui-chabbi-demissionne-de-son-poste-de-representant-personnel-du-president-de-la-republique\/"},"modified":"2019-08-20T10:15:00","modified_gmt":"2019-08-20T14:15:00","slug":"lazhar-karoui-chabbi-demissionne-de-son-poste-de-representant-personnel-du-president-de-la-republique","status":"publish","type":"post","link":"https:\/\/linitiative.ca\/International\/lazhar-karoui-chabbi-demissionne-de-son-poste-de-representant-personnel-du-president-de-la-republique\/","title":{"rendered":"Lazhar Karoui Chabbi d\u00e9missionne de son poste de repr\u00e9sentant personnel du pr\u00e9sident de la R\u00e9publique"},"content":{"rendered":"<p>Karoui Lazhar Karoui Chebbi, ministre conseiller et repr\u00e9sentant personnel du pr\u00e9sident d\u00e9funt, B\u00e9ji Caid Essebsi, a d\u00e9missionn\u00e9 de son poste le 5 Aout 2019 en vertu du decret pr\u00e9sidentiel N\u00b0136 de l&rsquo;ann\u00e9e 2019. C&rsquo;est ce que rapporte le JO en date du 16 Aout.<br \/>Rappelons que Lazhar Karoui avait \u00e9t\u00e9 nomm\u00e9, le 2 f\u00e9vrier 2015. Au lendemain du 14 janvier 2011, il est ministre de la Justice, dans le gouvernement d&rsquo;Union nationale. Il rejoindra par la suite le Mouvement Nidaa Toun\u00e8s qui venait d&rsquo;\u00eatre cr\u00e9\u00e9 par Ca\u00efd Essebsi, en tant que charg\u00e9 des affaires juridiques.<\/p>\n<p>Auteur:<br \/>\n<a href=\"https:\/\/www.leaders.com.tn\/article\/27777-lazhar-karoui-chabbi-demissionne-de-son-poste-de-representant-personnel-du-president-de-la-republique\">Cliquez ici pour lire l&rsquo;article depuis sa source.<\/a><\/p>\n","protected":false},"excerpt":{"rendered":"<p>Karoui Lazhar Karoui Chebbi, ministre conseiller et repr\u00e9sentant personnel du pr\u00e9sident d\u00e9funt, B\u00e9ji Caid Essebsi, a d\u00e9missionn\u00e9 de son poste le 5 Aout 2019 en vertu du decret pr\u00e9sidentiel N\u00b0136 de l&rsquo;ann\u00e9e 2019. C&rsquo;est ce que rapporte le JO en date du 16 Aout.Rappelons que Lazhar Karoui avait \u00e9t\u00e9 nomm\u00e9, le 2 f\u00e9vrier 2015. Au [&hellip;]<\/p>\n","protected":false},"author":1772,"featured_media":0,"comment_status":"closed","ping_status":"closed","sticky":false,"template":"","format":"standard","meta":{"fifu_image_url":"","fifu_image_alt":"","footnotes":""},"categories":[73,55],"tags":[],"class_list":["post-58616","post","type-post","status-publish","format-standard","hentry","category-actualite","category-tunisie"],"_links":{"self":[{"href":"https:\/\/linitiative.ca\/International\/wp-json\/wp\/v2\/posts\/58616","targetHints":{"allow":["GET"]}}],"collection":[{"href":"https:\/\/linitiative.ca\/International\/wp-json\/wp\/v2\/posts"}],"about":[{"href":"https:\/\/linitiative.ca\/International\/wp-json\/wp\/v2\/types\/post"}],"author":[{"embeddable":true,"href":"https:\/\/linitiative.ca\/International\/wp-json\/wp\/v2\/users\/1772"}],"replies":[{"embeddable":true,"href":"https:\/\/linitiative.ca\/International\/wp-json\/wp\/v2\/comments?post=58616"}],"version-history":[{"count":0,"href":"https:\/\/linitiative.ca\/International\/wp-json\/wp\/v2\/posts\/58616\/revisions"}],"wp:attachment":[{"href":"https:\/\/linitiative.ca\/International\/wp-json\/wp\/v2\/media?parent=58616"}],"wp:term":[{"taxonomy":"category","embeddable":true,"href":"https:\/\/linitiative.ca\/International\/wp-json\/wp\/v2\/categories?post=58616"},{"taxonomy":"post_tag","embeddable":true,"href":"https:\/\/linitiative.ca\/International\/wp-json\/wp\/v2\/tags?post=58616"}],"curies":[{"name":"wp","href":"https:\/\/api.w.org\/{rel}","templated":true}]}}