{"id":58621,"date":"2019-08-20T06:00:00","date_gmt":"2019-08-20T10:00:00","guid":{"rendered":"https:\/\/linitiative.ca\/International\/guerre-des-couleurs-au-stade-de-bologhine\/"},"modified":"2019-08-20T06:00:00","modified_gmt":"2019-08-20T10:00:00","slug":"guerre-des-couleurs-au-stade-de-bologhine","status":"publish","type":"post","link":"https:\/\/linitiative.ca\/International\/guerre-des-couleurs-au-stade-de-bologhine\/","title":{"rendered":"Guerre des couleurs au stade de Bologhine"},"content":{"rendered":"<p>En pr\u00e9vision du match qui a oppos\u00e9 le Doyen au Paradou AC, hier lundi, des supporters du Mouloudia se sont introduits, dimanche soir, \u00e0 l\u2019int\u00e9rieur du stade Omar-Hamadi de Bologhine. La raison ? Repeindre les tribunes en y rempla\u00e7ant le noir par le vert. Piqu\u00e9e au vif, la direction de l\u2019USMA, qui g\u00e8re le stade depuis 1999, a mobilis\u00e9, elle, toute une arm\u00e9e de peintres qui se sont acharn\u00e9s, sous un soleil de plomb, durant la journ\u00e9e d\u2019hier, \u00e0 renoircir les bandes peintes en vert par les chnaoua.<br \/>\u00a0\u00a0<\/p>\n<p>Auteur:<br \/>\n<a href=\"https:\/\/www.lesoirdalgerie.com\/periscoop\/guerre-des-couleurs-au-stade-de-bologhine-28874\">Cliquez ici pour lire l&rsquo;article depuis sa source.<\/a><\/p>\n","protected":false},"excerpt":{"rendered":"<p>En pr\u00e9vision du match qui a oppos\u00e9 le Doyen au Paradou AC, hier lundi, des supporters du Mouloudia se sont introduits, dimanche soir, \u00e0 l\u2019int\u00e9rieur du stade Omar-Hamadi de Bologhine. La raison ? Repeindre les tribunes en y rempla\u00e7ant le noir par le vert. Piqu\u00e9e au vif, la direction de l\u2019USMA, qui g\u00e8re le stade [&hellip;]<\/p>\n","protected":false},"author":1741,"featured_media":0,"comment_status":"closed","ping_status":"closed","sticky":false,"template":"","format":"standard","meta":{"fifu_image_url":"","fifu_image_alt":"","footnotes":""},"categories":[73,53],"tags":[],"class_list":["post-58621","post","type-post","status-publish","format-standard","hentry","category-actualite","category-algerie"],"_links":{"self":[{"href":"https:\/\/linitiative.ca\/International\/wp-json\/wp\/v2\/posts\/58621","targetHints":{"allow":["GET"]}}],"collection":[{"href":"https:\/\/linitiative.ca\/International\/wp-json\/wp\/v2\/posts"}],"about":[{"href":"https:\/\/linitiative.ca\/International\/wp-json\/wp\/v2\/types\/post"}],"author":[{"embeddable":true,"href":"https:\/\/linitiative.ca\/International\/wp-json\/wp\/v2\/users\/1741"}],"replies":[{"embeddable":true,"href":"https:\/\/linitiative.ca\/International\/wp-json\/wp\/v2\/comments?post=58621"}],"version-history":[{"count":0,"href":"https:\/\/linitiative.ca\/International\/wp-json\/wp\/v2\/posts\/58621\/revisions"}],"wp:attachment":[{"href":"https:\/\/linitiative.ca\/International\/wp-json\/wp\/v2\/media?parent=58621"}],"wp:term":[{"taxonomy":"category","embeddable":true,"href":"https:\/\/linitiative.ca\/International\/wp-json\/wp\/v2\/categories?post=58621"},{"taxonomy":"post_tag","embeddable":true,"href":"https:\/\/linitiative.ca\/International\/wp-json\/wp\/v2\/tags?post=58621"}],"curies":[{"name":"wp","href":"https:\/\/api.w.org\/{rel}","templated":true}]}}