{"id":58625,"date":"2019-08-20T10:05:59","date_gmt":"2019-08-20T14:05:59","guid":{"rendered":"https:\/\/linitiative.ca\/International\/le-plan-maroc-vert-un-autre-objectif-atteint-avant-2020\/"},"modified":"2019-08-20T10:05:59","modified_gmt":"2019-08-20T14:05:59","slug":"le-plan-maroc-vert-un-autre-objectif-atteint-avant-2020","status":"publish","type":"post","link":"https:\/\/linitiative.ca\/International\/le-plan-maroc-vert-un-autre-objectif-atteint-avant-2020\/","title":{"rendered":"Le Plan Maroc Vert\u00a0: un autre objectif atteint avant 2020"},"content":{"rendered":"<p><strong>Malgr\u00e9 les critiques, le Plan Maroc Vert poursuit ses performances. Cet \u00e9t\u00e9, il vient d\u2019atteindre un autre objectif, celui du renforcement de l\u2019irrigation localis\u00e9e, une des trois composantes majeures de la strat\u00e9gie \u00ab\u00a0Irrigation\u00a0\u00bb.<\/strong><\/p>\n<div class=\"c10\"\/>\n<p>Si le <strong>Plan Maroc Vert<\/strong> (PMV) soul\u00e8ve de plus en plus de critiques, y compris du c\u00f4t\u00e9 du minist\u00e8re de l\u2019Economie et des Finances dont la Direction des \u00e9tudes et des pr\u00e9visions financi\u00e8res (DEPF) vient d\u2019en \u00e9pingler r\u00e9cemment les lacunes et insuffisances (notamment en mati\u00e8re de mobilisation et d\u2019usage efficient des ressources hydriques), il n\u2019en demeure pas moins que ce programme structurant pour le secteur primaire du Maroc est en train d\u2019atteindre la majorit\u00e9 des objectifs que lui ont assign\u00e9 ses concepteurs pour l\u2019horizon 2020.<\/p>\n<p>Aussi, apr\u00e8s le d\u00e9passement d\u00e8s 2016 de la barre du million d\u2019hectares de superficie plant\u00e9e en olivier (objectif faisant partie du pilier II du PMV, \u00e0 savoir l\u2019am\u00e9lioration des revenus des petits agriculteurs et l\u2019augmentation de la valeur ajout\u00e9e des produits agricoles \u00e0 travers la reconversion des terres vers des cultures plus productives) et l\u2019atteinte, d\u00e8s fin 2018, de plusieurs autres objectifs au m\u00eame horizon 2020 (production de c\u00e9r\u00e9ales, arboricultures fruiti\u00e8res\u2026), l\u2019\u00e9t\u00e9 2019 vient marquer une autre r\u00e9alisation de poids. Il s\u2019agit du renforcement de l\u2019irrigation localis\u00e9e, une des trois composantes majeures de la strat\u00e9gie \u00ab\u00a0Irrigation\u00a0\u00bb \u00e9labor\u00e9e dans le cadre du PMV, aux-c\u00f4t\u00e9s de la promotion des <strong>partenariats Public-Priv\u00e9<\/strong> et de l\u2019extension des surfaces irrigu\u00e9es.\u00a0<\/p>\n<p>Lire aussi : <a href=\"https:\/\/www.challenge.ma\/aziz-akhannouch-le-pmv-a-permis-dameliorer-le-revenu-des-agriculteurs-de-plus-de-66-107665\/\">Aziz Akhannouch : \u00ab Le PMV a permis d\u2019am\u00e9liorer le revenu des agriculteurs de plus de 66% \u00bb<\/a><\/p>\n<p>En effet, apr\u00e8s une quasi-stagnation en 2018 (moins de dix mille hectares nouvellement \u00e9quip\u00e9s contre une moyenne annuelle de 40.000 hectares par an en moyenne entre 2008 et 2017), la superficie totale \u00e9quip\u00e9e en irrigation localis\u00e9e (dite goutte-\u00e0-goutte) est repartie \u00e0 la hausse depuis le d\u00e9but de l\u2019ann\u00e9e 2019 pour d\u00e9passer r\u00e9cemment la barre des 550.000 hectares, ce qui fut en 2018, ann\u00e9e de lancement du PMV, l\u2019objectif initial d\u2019une telle <strong>strat\u00e9gie<\/strong> pour 2020.<\/p>\n<p>Il faut dire que le dispositif incitatif mis en place \u00e0 cet effet a \u00e9t\u00e9 des plus stimulant avec une prise en charge de la totalit\u00e9 des co\u00fbts de la <strong>micro-irrigation<\/strong> pour les exploitations de moins de 5 ha ou dans le cadre de l\u2019agr\u00e9gation. Ce qui a permis, au passage, \u00e0 toute une fili\u00e8re, en l\u2019occurrence celle de la distribution et fabrication des \u00e9quipements d\u2019irrigation, de connaitre une v\u00e9ritable p\u00e9riode de prosp\u00e9rit\u00e9 (certains op\u00e9rateurs ayant jou\u00e9 aux \u00ab\u00a0vendeurs de pelles\u00a0\u00bb ont tout simplement quintupl\u00e9 leur taille gr\u00e2ce au PMV\u00a0!).<\/p>\n<div class=\"c17\">\n<fieldset class=\"c16\">\n<legend><strong><span class=\"c11\">Challenge<\/span><span class=\"c12\">news<\/span><\/strong><\/legend>\n<div class=\"c15\">Le meilleur de la r\u00e9daction s\u00e9lectionn\u00e9 par Challenge :<\/p>\n<\/div>\n<\/fieldset>\n<\/div>\n<p>Auteur: Amine Amrani<br \/>\n<a href=\"https:\/\/www.challenge.ma\/le-plan-maroc-vert-un-autre-objectif-atteint-avant-2020-115653\/\">Cliquez ici pour lire l&rsquo;article depuis sa source.<\/a><\/p>\n","protected":false},"excerpt":{"rendered":"<p>Malgr\u00e9 les critiques, le Plan Maroc Vert poursuit ses performances. Cet \u00e9t\u00e9, il vient d\u2019atteindre un autre objectif, celui du renforcement de l\u2019irrigation localis\u00e9e, une des trois composantes majeures de la strat\u00e9gie \u00ab\u00a0Irrigation\u00a0\u00bb. Si le Plan Maroc Vert (PMV) soul\u00e8ve de plus en plus de critiques, y compris du c\u00f4t\u00e9 du minist\u00e8re de l\u2019Economie et [&hellip;]<\/p>\n","protected":false},"author":1787,"featured_media":0,"comment_status":"closed","ping_status":"closed","sticky":false,"template":"","format":"standard","meta":{"fifu_image_url":"","fifu_image_alt":"","footnotes":""},"categories":[78,54],"tags":[],"class_list":["post-58625","post","type-post","status-publish","format-standard","hentry","category-economie","category-maroc"],"_links":{"self":[{"href":"https:\/\/linitiative.ca\/International\/wp-json\/wp\/v2\/posts\/58625","targetHints":{"allow":["GET"]}}],"collection":[{"href":"https:\/\/linitiative.ca\/International\/wp-json\/wp\/v2\/posts"}],"about":[{"href":"https:\/\/linitiative.ca\/International\/wp-json\/wp\/v2\/types\/post"}],"author":[{"embeddable":true,"href":"https:\/\/linitiative.ca\/International\/wp-json\/wp\/v2\/users\/1787"}],"replies":[{"embeddable":true,"href":"https:\/\/linitiative.ca\/International\/wp-json\/wp\/v2\/comments?post=58625"}],"version-history":[{"count":0,"href":"https:\/\/linitiative.ca\/International\/wp-json\/wp\/v2\/posts\/58625\/revisions"}],"wp:attachment":[{"href":"https:\/\/linitiative.ca\/International\/wp-json\/wp\/v2\/media?parent=58625"}],"wp:term":[{"taxonomy":"category","embeddable":true,"href":"https:\/\/linitiative.ca\/International\/wp-json\/wp\/v2\/categories?post=58625"},{"taxonomy":"post_tag","embeddable":true,"href":"https:\/\/linitiative.ca\/International\/wp-json\/wp\/v2\/tags?post=58625"}],"curies":[{"name":"wp","href":"https:\/\/api.w.org\/{rel}","templated":true}]}}