{"id":58626,"date":"2019-08-20T10:47:38","date_gmt":"2019-08-20T14:47:38","guid":{"rendered":"https:\/\/linitiative.ca\/International\/france-une-rentree-marquee-par-le-cout-eleve-de-la-vie-universitaire\/"},"modified":"2019-08-20T10:47:38","modified_gmt":"2019-08-20T14:47:38","slug":"france-une-rentree-marquee-par-le-cout-eleve-de-la-vie-universitaire","status":"publish","type":"post","link":"https:\/\/linitiative.ca\/International\/france-une-rentree-marquee-par-le-cout-eleve-de-la-vie-universitaire\/","title":{"rendered":"France : une rentr\u00e9e marqu\u00e9e par le co\u00fbt \u00e9lev\u00e9 de la vie universitaire"},"content":{"rendered":"<p><strong>Face \u00e0 la grogne des \u00e9tudiants au sujet de la hausse des frais universitaire, le gouvernement fran\u00e7ais a annonc\u00e9, mardi, une revalorisation des bourses \u00e9tudiantes. Les \u00e9tudiants \u00e9trangers, dont des Marocains, devront faire face \u00e0 une situation encore plus difficile.<\/strong><\/p>\n<div class=\"c10\"\/>\n<p>\u00abLes bourses sur crit\u00e8res sociaux accord\u00e9es aux \u00e9tudiants seront revaloris\u00e9es de 46 millions d\u2019euros suppl\u00e9mentaires pour la rentr\u00e9e 2019 \u00bb, a annonc\u00e9 sur RTL la la ministre de l\u2019Enseignement sup\u00e9rieur Fr\u00e9d\u00e9rique Vidal, pr\u00e9cisant que le volume global consacr\u00e9 \u00e0 l\u2019aide aux \u00e9tudiants repr\u00e9sente 5,7 milliards sur le budget de son d\u00e9partement. Fr\u00e9d\u00e9rique Vidal a \u00e9galement dit vouloir \u00ab\u00a0faire de la vie \u00e9tudiante l\u2019une des priorit\u00e9s du minist\u00e8re\u00a0\u00bb.<\/p>\n<p>La F\u00e9d\u00e9ration des associations g\u00e9n\u00e9rales \u00e9tudiantes (FAGE) et l\u2019Union nationale des \u00e9tudiants de France (<strong>UNEF<\/strong>), les deux principales organisations syndicales \u00e9tudiantes en France, ont publi\u00e9, respectivement dimanche et vendredi derniers, leurs barom\u00e8tres annuels dans lesquels elles ont affirm\u00e9 que le co\u00fbt de la rentr\u00e9e universitaire va de nouveau augmenter cette ann\u00e9e en France.<\/p>\n<p>Lire aussi : <a href=\"https:\/\/www.challenge.ma\/france-les-etudiants-extra-europeens-payeront-plus-cher-101128\/\">France : les \u00e9tudiants extra-europ\u00e9ens payeront plus cher<\/a><\/p>\n<p>Selon la <strong>FAGE<\/strong>, \u00ab un \u00e9tudiant non boursier de 20 ans en licence \u00e0 l\u2019universit\u00e9, ne vivant plus au domicile familial, devra d\u00e9bourser en moyenne 2.285 euros pour la rentr\u00e9e : frais d\u2019inscription, fournitures, loyer\u2026 Ce montant est en progression de 1,96 % par rapport \u00e0 l\u2019ann\u00e9e derni\u00e8re, en raison notamment de la hausse des frais de vie courante de 2,73 % \u00bb.<\/p>\n<p>L\u2019UNEF fait un constat similaire et \u00e9value le co\u00fbt de la vie \u00e9tudiante estim\u00e9 en croissance de 2,83 %. Une \u00e9volution \u00ab bien sup\u00e9rieure \u00e0 celle de l\u2019inflation qui est de 1,20 % sur un an \u00bb, affirme le syndicat qui s\u2019inqui\u00e8te de la \u00ab forte progression \u00bb de la pr\u00e9carit\u00e9 \u00e9tudiante.<\/p>\n<p>Cette augmentation du co\u00fbt de la vie universitaire concerne \u00e9galement les \u00e9tudiants \u00e9trangers hors UE mais en plus profond. Pour la prochaine rentr\u00e9e, les nouveaux \u00e9tudiants \u00e9trangers non europ\u00e9ens, parmi eux des <strong>Marocains<\/strong>, devront faire face \u00e0 une augmentation des co\u00fbts de rentr\u00e9e encore plus cons\u00e9quente, puisque leurs frais d\u2019inscription universitaires passent de 170 \u00e0 2.770 euros en licence et de 243 \u00e0 3.770 euros en master, expliquent les deux syndicats.<\/p>\n<p>Dans ce contexte, l\u2019UNEF s\u2019est alarm\u00e9e que \u00ab des dizaines de milliers \u00bb de personnes sont concern\u00e9es par cette mesure m\u00eame si plusieurs \u00e9tablissements ont annonc\u00e9 leur intention de ne pas l\u2019appliquer. De son c\u00f4t\u00e9, la FAGE a d\u00e9nonc\u00e9 une situation \u00ab injuste \u00bb, affirmant que \u00ab ce n\u2019est pas aux \u00e9tudiants de contribuer au sous-financement de l\u2019enseignement sup\u00e9rieur par l\u2019Etat. \u00bb<\/p>\n<p>Les deux organisations syndicales ont demand\u00e9 en cons\u00e9quence une importante refonte des aides sociales pour faire face \u00e0 la <strong>pr\u00e9carisation<\/strong> des \u00e9tudiants. La FAGE a ainsi r\u00e9clam\u00e9 une \u00ab r\u00e9forme d\u2019ampleur du syst\u00e8me d\u2019aides sociales et la cr\u00e9ation d\u2019une aide globale d\u2019ind\u00e9pendance \u00bb, calcul\u00e9e selon \u00ab la situation de l\u2019\u00e9tudiant et des revenus d\u00e9clar\u00e9s du foyer fiscal auquel il est rattach\u00e9 \u00bb. De son c\u00f4t\u00e9, l\u2019UNEF a demand\u00e9 \u00ab un plan d\u2019urgence de refonte des aides sociales \u00bb avec l\u2019augmentation du nombre d\u2019\u00e9tudiants b\u00e9n\u00e9ficiaires de bourses et la \u00ab revalorisation de 20 % \u00bb de celles-ci.<\/p>\n<div class=\"c17\">\n<fieldset class=\"c16\">\n<legend><strong><span class=\"c11\">Challenge<\/span><span class=\"c12\">news<\/span><\/strong><\/legend>\n<div class=\"c15\">Le meilleur de la r\u00e9daction s\u00e9lectionn\u00e9 par Challenge :<\/p>\n<\/div>\n<\/fieldset>\n<\/div>\n<p>Auteur: challenge<br \/>\n<a href=\"https:\/\/www.challenge.ma\/france-une-rentree-marquee-par-le-cout-eleve-de-la-vie-universitaire-115766\/\">Cliquez ici pour lire l&rsquo;article depuis sa source.<\/a><\/p>\n","protected":false},"excerpt":{"rendered":"<p>Face \u00e0 la grogne des \u00e9tudiants au sujet de la hausse des frais universitaire, le gouvernement fran\u00e7ais a annonc\u00e9, mardi, une revalorisation des bourses \u00e9tudiantes. Les \u00e9tudiants \u00e9trangers, dont des Marocains, devront faire face \u00e0 une situation encore plus difficile. \u00abLes bourses sur crit\u00e8res sociaux accord\u00e9es aux \u00e9tudiants seront revaloris\u00e9es de 46 millions d\u2019euros suppl\u00e9mentaires [&hellip;]<\/p>\n","protected":false},"author":1787,"featured_media":0,"comment_status":"closed","ping_status":"closed","sticky":false,"template":"","format":"standard","meta":{"fifu_image_url":"","fifu_image_alt":"","footnotes":""},"categories":[78,54],"tags":[],"class_list":["post-58626","post","type-post","status-publish","format-standard","hentry","category-economie","category-maroc"],"_links":{"self":[{"href":"https:\/\/linitiative.ca\/International\/wp-json\/wp\/v2\/posts\/58626","targetHints":{"allow":["GET"]}}],"collection":[{"href":"https:\/\/linitiative.ca\/International\/wp-json\/wp\/v2\/posts"}],"about":[{"href":"https:\/\/linitiative.ca\/International\/wp-json\/wp\/v2\/types\/post"}],"author":[{"embeddable":true,"href":"https:\/\/linitiative.ca\/International\/wp-json\/wp\/v2\/users\/1787"}],"replies":[{"embeddable":true,"href":"https:\/\/linitiative.ca\/International\/wp-json\/wp\/v2\/comments?post=58626"}],"version-history":[{"count":0,"href":"https:\/\/linitiative.ca\/International\/wp-json\/wp\/v2\/posts\/58626\/revisions"}],"wp:attachment":[{"href":"https:\/\/linitiative.ca\/International\/wp-json\/wp\/v2\/media?parent=58626"}],"wp:term":[{"taxonomy":"category","embeddable":true,"href":"https:\/\/linitiative.ca\/International\/wp-json\/wp\/v2\/categories?post=58626"},{"taxonomy":"post_tag","embeddable":true,"href":"https:\/\/linitiative.ca\/International\/wp-json\/wp\/v2\/tags?post=58626"}],"curies":[{"name":"wp","href":"https:\/\/api.w.org\/{rel}","templated":true}]}}