{"id":58649,"date":"2019-08-20T08:34:38","date_gmt":"2019-08-20T12:34:38","guid":{"rendered":"https:\/\/linitiative.ca\/International\/une-ecomatin-n264-actuellement-en-kiosque\/"},"modified":"2019-08-20T08:34:38","modified_gmt":"2019-08-20T12:34:38","slug":"une-ecomatin-n264-actuellement-en-kiosque","status":"publish","type":"post","link":"https:\/\/linitiative.ca\/International\/une-ecomatin-n264-actuellement-en-kiosque\/","title":{"rendered":"Une EcoMatin N\u00b0264 actuellement en kiosque"},"content":{"rendered":"<h4><span class=\"c2\"><strong><a href=\"https:\/\/i2.wp.com\/ecomatin.net\/wp-content\/uploads\/2019\/08\/ecomatin.net-couv-n264-du-lundi-19-aout-2019-folder-1.jpg?ssl=1\"><\/p>\n<p><img loading=\"lazy\" decoding=\"async\" data-attachment-id=\"9782\" data-permalink=\"https:\/\/ecomatin.net\/couv-n258-du-lundi-15-juillet-2019-1\/\" data-orig-file=\"https:\/\/i2.wp.com\/ecomatin.net\/wp-content\/uploads\/2019\/07\/ecomatin.net-couv-n258-du-lundi-15-juillet-2019-1.jpg?fit=1723%2C2362&#038;ssl=1\" data-orig-size=\"1723,2362\" data-comments-opened=\"0\" data-image-meta=\"{\"aperture\":\"0\",\"credit\":\"\",\"camera\":\"\",\"caption\":\"\",\"created_timestamp\":\"0\",\"copyright\":\"\",\"focal_length\":\"0\",\"iso\":\"0\",\"shutter_speed\":\"0\",\"title\":\"\",\"orientation\":\"1\"}\" data-image-title=\"couv-N\u00b0258 du lundi 15 juillet 2019-1\" data-image-description=\"\" data-medium-file=\"https:\/\/i2.wp.com\/ecomatin.net\/wp-content\/uploads\/2019\/07\/ecomatin.net-couv-n258-du-lundi-15-juillet-2019-1.jpg?fit=219%2C300&#038;ssl=1\" data-large-file=\"https:\/\/i2.wp.com\/ecomatin.net\/wp-content\/uploads\/2019\/07\/ecomatin.net-couv-n258-du-lundi-15-juillet-2019-1.jpg?fit=747%2C1024&#038;ssl=1\" class=\"wp-image-9782 alignleft\" src=\"https:\/\/i2.wp.com\/ecomatin.net\/wp-content\/uploads\/2019\/08\/ecomatin.net-couv-n264-du-lundi-19-aout-2019-folder-1.jpg?resize=268%2C367&#038;ssl=1\" alt=\"\" width=\"268\" height=\"367\" data-recalc-dims=\"1\"\/><\/p>\n<p><\/a><\/strong><\/span><\/h4>\n<h4><span class=\"c2\"><strong>A la<\/strong> <strong>une:<\/strong><\/span><\/h4>\n<p><strong><span class=\"c4\"><span class=\"c3\">\u2013<\/span><\/span><\/strong> <strong><span class=\"c5\">Pr\u00e9sidence de la R\u00e9publique : le scandale de l\u2019entretien des palais pr\u00e9sidentiels<\/span><\/strong><\/p>\n<h4><span class=\"c3\">Banques et finances<\/span><\/h4>\n<p><span class=\"c5\"><span class=\"c3\">\u2013<\/span> March\u00e9 mon\u00e9taire : la Beac r\u00e9duit de 95 milliards ses aides aux banques<\/span><\/p>\n<h4><span class=\"c3\">Business<\/span><\/h4>\n<p><span class=\"c5\"><span class=\"c3\">\u2013<\/span> Crise : Hysacam sous perfusion bancaire<\/span><br \/><span class=\"c5\"><span class=\"c3\">\u2013<\/span> C\u00f4te Ouest-africaine : Ces atouts qui militent en faveur du port de Kribi<\/span><br \/><span class=\"c5\"><span class=\"c3\">\u2013<\/span> Minerais de l\u2019Est Cameroun : jusqu\u2019o\u00f9 ira Geovic ?\u2026<\/span><\/p>\n<h4><span class=\"c3\">Conjoncture<\/span><\/h4>\n<p><span class=\"c5\"><span class=\"c3\">\u2013<\/span> Climat social : la situation \u00e0 EDC inqui\u00e8te le Premier ministre<\/span><br \/><span class=\"c5\"><span class=\"c3\">\u2013<\/span> Couverture sant\u00e9 : querelle entre les m\u00e9decins priv\u00e9s et les compagnies d\u2019assurances<\/span><br \/><span class=\"c5\"><span class=\"c3\">\u2013<\/span> Bip 2019 : Le Sud affiche un taux d\u2019ex\u00e9cution de 9% au premier semestre<\/span><\/p>\n<p>Auteur: EcoMatin<br \/>\n<a href=\"https:\/\/ecomatin.net\/une-ecomatin-n264-actuellement-en-kiosque\/\">Cliquez ici pour lire l&rsquo;article depuis sa source.<\/a><\/p>\n","protected":false},"excerpt":{"rendered":"<p>A la une: \u2013 Pr\u00e9sidence de la R\u00e9publique : le scandale de l\u2019entretien des palais pr\u00e9sidentiels Banques et finances \u2013 March\u00e9 mon\u00e9taire : la Beac r\u00e9duit de 95 milliards ses aides aux banques Business \u2013 Crise : Hysacam sous perfusion bancaire\u2013 C\u00f4te Ouest-africaine : Ces atouts qui militent en faveur du port de Kribi\u2013 Minerais [&hellip;]<\/p>\n","protected":false},"author":1969,"featured_media":0,"comment_status":"closed","ping_status":"closed","sticky":false,"template":"","format":"standard","meta":{"fifu_image_url":"","fifu_image_alt":"","footnotes":""},"categories":[82,78],"tags":[],"class_list":["post-58649","post","type-post","status-publish","format-standard","hentry","category-cameroun","category-economie"],"_links":{"self":[{"href":"https:\/\/linitiative.ca\/International\/wp-json\/wp\/v2\/posts\/58649","targetHints":{"allow":["GET"]}}],"collection":[{"href":"https:\/\/linitiative.ca\/International\/wp-json\/wp\/v2\/posts"}],"about":[{"href":"https:\/\/linitiative.ca\/International\/wp-json\/wp\/v2\/types\/post"}],"author":[{"embeddable":true,"href":"https:\/\/linitiative.ca\/International\/wp-json\/wp\/v2\/users\/1969"}],"replies":[{"embeddable":true,"href":"https:\/\/linitiative.ca\/International\/wp-json\/wp\/v2\/comments?post=58649"}],"version-history":[{"count":0,"href":"https:\/\/linitiative.ca\/International\/wp-json\/wp\/v2\/posts\/58649\/revisions"}],"wp:attachment":[{"href":"https:\/\/linitiative.ca\/International\/wp-json\/wp\/v2\/media?parent=58649"}],"wp:term":[{"taxonomy":"category","embeddable":true,"href":"https:\/\/linitiative.ca\/International\/wp-json\/wp\/v2\/categories?post=58649"},{"taxonomy":"post_tag","embeddable":true,"href":"https:\/\/linitiative.ca\/International\/wp-json\/wp\/v2\/tags?post=58649"}],"curies":[{"name":"wp","href":"https:\/\/api.w.org\/{rel}","templated":true}]}}