{"id":58650,"date":"2019-08-20T10:03:03","date_gmt":"2019-08-20T14:03:03","guid":{"rendered":"https:\/\/linitiative.ca\/International\/affaire-viettel-le-processus-de-resolution-du-conflit-enclenche\/"},"modified":"2019-08-20T10:03:03","modified_gmt":"2019-08-20T14:03:03","slug":"affaire-viettel-le-processus-de-resolution-du-conflit-enclenche","status":"publish","type":"post","link":"https:\/\/linitiative.ca\/International\/affaire-viettel-le-processus-de-resolution-du-conflit-enclenche\/","title":{"rendered":"Affaire Viettel : le processus de r\u00e9solution du conflit enclench\u00e9"},"content":{"rendered":"<p>Le processus de r\u00e8glement pacifique de l\u2019affaire <strong>Viettel<\/strong> est donc en marche. Le Groupe de travail interminist\u00e9riel mis sur pied au mois de mai dernier, \u00e0 l\u2019issue de la visite de travail du Vice-ministre vietnamien des Affaires \u00e9trang\u00e8res, <strong>Nguyen Quoc Cuong<\/strong>, envoy\u00e9 sp\u00e9cial du Premier ministre vietnamien, <strong>Nguyen Xuan Phuc<\/strong>, aupr\u00e8s de son homologue camerounais, <strong>Joseph Dion Ngute<\/strong>, a fait 22 recommandations visant une sortie de crise dans cette affaire\u00a0 qui oppose l\u2019homme d\u2019affaires Camerounais, <strong>Baba Danpullo<\/strong> et <strong>Bestcam<\/strong>, le partenaire camerounais de l\u2019entreprise commune <strong>Viettel Cameroun<\/strong> \u00e0 l\u2019entreprise vietnamienne <strong>Viettel Global<\/strong>. En effet, ces derniers, reproche \u00e0 leur partenaire camerounais, la prise\u00a0 des mesures jug\u00e9es ill\u00e9gales par les vietnamiens, bien que ceux-ci soient l\u2019actionnaire majoritaire avec 70% du capital-actions, les emp\u00eachant de travailler dans les bureaux de la co-entreprise commune de Viettel au Cameroun depuis le mois de novembre 2018. Un \u00e9ch\u00e9ancier de trois mois avait \u00e9t\u00e9 arr\u00eat\u00e9 pour le d\u00e9but de mise en \u0153uvre de ces recommandations.<\/p>\n<p>D\u00e8s ce 21 ao\u00fbt, une r\u00e9union va se tenir dans les services Premier ministre, en pr\u00e9sence de\u00a0 Joseph Dion Ngute, Baba Danpullo et une mission vietnamienne, \u00e0 l\u2019effet de notifier ces recommandations et arr\u00eater le calendrier de leur mise en \u0153uvre. La suite du chronogramme arr\u00eat\u00e9 par le Groupe de travail interminist\u00e9riel pr\u00e9voit la saisine du pr\u00e9sident de la R\u00e9publique pour proposer les mesures de sortie de crise pr\u00e9conis\u00e9es, mais aussi la prise des actes\u00a0 de participation de l\u2019Etat, \u00e0 travers l\u2019organisation de la mise en \u0153uvre des instructions pr\u00e9sidentielles. Tout comme la mise en place d\u2019un Comit\u00e9 de suivi de la mise en \u0153uvre de ces recommandations, ceci dans le but d\u2019accompagner la mise en \u0153uvre des instructions pr\u00e9sidentielles. L\u2019on annonce par la suite la d\u00e9signation d\u2019un nouveau pr\u00e9sident du Conseil d\u2019administration par Viettel, la r\u00e9installation des responsables statutaires vietnamiens, pour se conformer \u00e0 la recommandation No 12 du Groupe de travail interminist\u00e9riel. De m\u00eame que la saisine du minist\u00e8re de\u00a0 l\u2019Emploi et de la Formation professionnelle (Minefop), pour la r\u00e9gularisation des autres personnels vietnamiens, conform\u00e9ment \u00e0 la recommandation No 13 du Groupe de travail. Il en\u00a0 est de m\u00eame de la tenue d\u2019un conseil d\u2019administration extraordinaire, pour mettre en \u0153uvre la\u00a0 recommandation sur le fonctionnement de la soci\u00e9t\u00e9 <strong>Nextell Cameroon S.A<\/strong>. Et enfin, le lancement des audits en vue de la mise en \u0153uvre des recommandations No 1, 4, 6, 10 et 13\u00a0; et l\u2019\u00e9laboration d\u2019un manuel de proc\u00e9dures.<\/p>\n<p>L\u2019on se souvient\u00a0 qu\u2019au d\u00e9but de cette\u00a0 disgr\u00e2ce, il y avait la fin de non-recevoir du pr\u00e9sident du conseil d\u2019administration de Viettel Cameroun, Baba Danpoulo oppos\u00e9e \u00e0 la tentative de recrutement de <strong>500 autres cadres<\/strong> vietnamiens au Cameroun en plus des <strong>120 cadres<\/strong> qui exer\u00e7ent d\u00e9j\u00e0 au Cameroun. L\u2019on s\u2019insurgeait contre le fait que Viettel Global Investment ne soit pas dans la lign\u00e9e des entreprises \u00e9trang\u00e8res \u00e9voluant dans le m\u00eame secteur d\u2019activit\u00e9 de la t\u00e9l\u00e9phonie mobile, \u00e0 l\u2019instar de <strong>Mtn<\/strong> et <strong>Orange<\/strong>, qui ont confi\u00e9 le management des d\u00e9membrements de leur entreprise \u00ab\u00a0<em>m\u00e8re<\/em>\u00a0\u00bb, \u00e0 95% des cadres nationaux, etc.<\/p>\n<div class=\"rpbt_shortcode\">\n<h3>Voir aussi :<\/h3>\n<\/div>\n<div class=\"about-author about-author-box container-wrapper\">\n<div class=\"author-avatar\">\n<p><img decoding=\"async\" src=\"http:\/\/\" alt=\"\"\/><\/p>\n<\/div>\n<p><h4>La R\u00e9daction EcoMatin<\/h4>\n<\/p>\n<\/div>\n<div class=\"awac-wrapper awac widget blog_subscription-2\">\n<h4 class=\"widget-title\">Abonnez-vous \u00e0 notre lettre d&rsquo;information<\/h4>\n<\/div>\n<p>Auteur: EcoMatin<br \/>\n<a href=\"https:\/\/ecomatin.net\/affaire-viettel-le-processus-de-resolution-du-conflit-enclenche\/\">Cliquez ici pour lire l&rsquo;article depuis sa source.<\/a><\/p>\n","protected":false},"excerpt":{"rendered":"<p>Le processus de r\u00e8glement pacifique de l\u2019affaire Viettel est donc en marche. Le Groupe de travail interminist\u00e9riel mis sur pied au mois de mai dernier, \u00e0 l\u2019issue de la visite de travail du Vice-ministre vietnamien des Affaires \u00e9trang\u00e8res, Nguyen Quoc Cuong, envoy\u00e9 sp\u00e9cial du Premier ministre vietnamien, Nguyen Xuan Phuc, aupr\u00e8s de son homologue camerounais, [&hellip;]<\/p>\n","protected":false},"author":1969,"featured_media":0,"comment_status":"closed","ping_status":"closed","sticky":false,"template":"","format":"standard","meta":{"fifu_image_url":"","fifu_image_alt":"","footnotes":""},"categories":[82,78],"tags":[],"class_list":["post-58650","post","type-post","status-publish","format-standard","hentry","category-cameroun","category-economie"],"_links":{"self":[{"href":"https:\/\/linitiative.ca\/International\/wp-json\/wp\/v2\/posts\/58650","targetHints":{"allow":["GET"]}}],"collection":[{"href":"https:\/\/linitiative.ca\/International\/wp-json\/wp\/v2\/posts"}],"about":[{"href":"https:\/\/linitiative.ca\/International\/wp-json\/wp\/v2\/types\/post"}],"author":[{"embeddable":true,"href":"https:\/\/linitiative.ca\/International\/wp-json\/wp\/v2\/users\/1969"}],"replies":[{"embeddable":true,"href":"https:\/\/linitiative.ca\/International\/wp-json\/wp\/v2\/comments?post=58650"}],"version-history":[{"count":0,"href":"https:\/\/linitiative.ca\/International\/wp-json\/wp\/v2\/posts\/58650\/revisions"}],"wp:attachment":[{"href":"https:\/\/linitiative.ca\/International\/wp-json\/wp\/v2\/media?parent=58650"}],"wp:term":[{"taxonomy":"category","embeddable":true,"href":"https:\/\/linitiative.ca\/International\/wp-json\/wp\/v2\/categories?post=58650"},{"taxonomy":"post_tag","embeddable":true,"href":"https:\/\/linitiative.ca\/International\/wp-json\/wp\/v2\/tags?post=58650"}],"curies":[{"name":"wp","href":"https:\/\/api.w.org\/{rel}","templated":true}]}}