{"id":58651,"date":"2019-08-20T10:21:41","date_gmt":"2019-08-20T14:21:41","guid":{"rendered":"https:\/\/linitiative.ca\/International\/des-eclairages-sur-les-26-milliards-dinvestissements-de-viettel-global-s-a\/"},"modified":"2019-08-20T10:21:41","modified_gmt":"2019-08-20T14:21:41","slug":"des-eclairages-sur-les-26-milliards-dinvestissements-de-viettel-global-s-a","status":"publish","type":"post","link":"https:\/\/linitiative.ca\/International\/des-eclairages-sur-les-26-milliards-dinvestissements-de-viettel-global-s-a\/","title":{"rendered":"Des \u00e9clairages sur les 26 milliards d\u2019investissements de Viettel Global S.A"},"content":{"rendered":"<p><strong>Viettel Global Investment<\/strong> est visiblement\u00a0 en train de retrouver ses droits dans le conflit qui l\u2019oppose \u00e0\u00a0 <strong>Baba Danpullo<\/strong> et <strong>Bestcam<\/strong>, son partenaire camerounais de l\u2019entreprise commune <strong>Nextell Cameroun S.A<\/strong>. Les investissements d\u2019un montant de <strong>26 milliards de FCFA<\/strong>\u00a0 de\u00a0 Viettel Global Investment, dans\u00a0 l\u2019entreprise commune Nextell Cameroun S.A contest\u00e9s par son partenaire camerounais Baba Danpullo, seront audit\u00e9s par une expertise \u00e9trang\u00e8re reconnue et ses conclusions accept\u00e9es d\u2019accord-partie. C\u2019est l\u2019une des 22 recommandations majeures arr\u00eat\u00e9es par le Groupe de travail interminist\u00e9riel mis sur pied pour la r\u00e9solution pacifique de cette affaire. Le cabinet d\u2019expertise agr\u00e9\u00e9 qui sera retenu \u00e0 cet effet, devra d\u00e9terminer le montant exact de la transaction, son objet ainsi que l\u2019objet \u00e9ventuel qui a \u00e9t\u00e9 fait de ladite somme.<\/p>\n<p><strong>Les d\u00e9cisions de l\u2019actuel DG nomm\u00e9 par Bestcam contest\u00e9es<\/strong><\/p>\n<p>Dans le m\u00eame ordre d\u2019id\u00e9es, le Groupe de travail, apprend-on, a recommand\u00e9\u00a0 que la mesure ordonnant le versement des fonds de la soci\u00e9t\u00e9 <strong>Viettel Cameroun S.A<\/strong>, dans les comptes de son partenaire camerounais Bestcam, prise par l\u2019actuel directeur g\u00e9n\u00e9ral, nomm\u00e9 par Bestcam, soit rapport\u00e9e et les fonds retourn\u00e9s dans les comptes de la soci\u00e9t\u00e9 Viettel Cameroun S.A. De m\u00eame, le montant et l\u2019usage des fonds de Viettel Cameroun ayant \u00e9t\u00e9 transf\u00e9r\u00e9s dans les comptes de Bestcam dans le cadre du r\u00e9gime mis en place par le directeur g\u00e9n\u00e9ral nomm\u00e9 par Bestcam, soient audit\u00e9s par un cabinet d\u2019expertise agr\u00e9e, et les parties doivent s\u2019engager \u00e0 accepter les conclusions de ce cabinet. Pour assainir les rapports au sein du top management de Nexttel S.A, le Groupe de travail recommande \u00e9galement que tous les actes relevant de la comp\u00e9tence de direction g\u00e9n\u00e9rale, pos\u00e9s par le pr\u00e9sident du conseil d\u2019administration, soient annul\u00e9s. Toutefois, cette instance recommande que le conseil d\u2019administration \u00e9value la port\u00e9e des diff\u00e9rents actes pos\u00e9s et puisse discriminer ceux pos\u00e9s dans l\u2019int\u00e9r\u00eat de la soci\u00e9t\u00e9 et qui pourraient \u00eatre maintenus.<\/p>\n<p>Une ligne de d\u00e9marcation claire\u00a0 devant \u00eatre\u00a0 observ\u00e9e \u00e0 l\u2019avenir, sur les comp\u00e9tences reconnues aux diff\u00e9rents organes, aussi bien par l\u2019Acte uniforme que par les statuts de la soci\u00e9t\u00e9. Aussi, des r\u00e9unions statutaires de la soci\u00e9t\u00e9 devraient r\u00e9guli\u00e8rement \u00eatre convoqu\u00e9es, au moins deux sessions annuelles, \u00e0 la diligence de la direction g\u00e9n\u00e9rale et du PCA, et leurs d\u00e9lib\u00e9rations consign\u00e9es dans les formes prescrites par les dispositions pertinentes y relatives de l\u2019Ohada, etc.<\/p>\n<div class=\"rpbt_shortcode\">\n<h3>Voir aussi :<\/h3>\n<\/div>\n<div class=\"about-author about-author-box container-wrapper\">\n<div class=\"author-avatar\">\n<p><img decoding=\"async\" src=\"http:\/\/\" alt=\"\"\/><\/p>\n<\/div>\n<p><h4>La R\u00e9daction EcoMatin<\/h4>\n<\/p>\n<\/div>\n<div class=\"awac-wrapper awac widget blog_subscription-2\">\n<h4 class=\"widget-title\">Abonnez-vous \u00e0 notre lettre d&rsquo;information<\/h4>\n<\/div>\n<p>Auteur: EcoMatin<br \/>\n<a href=\"https:\/\/ecomatin.net\/des-eclairages-sur-les-26-milliards-dinvestissements-de-viettel-global-s-a\/\">Cliquez ici pour lire l&rsquo;article depuis sa source.<\/a><\/p>\n","protected":false},"excerpt":{"rendered":"<p>Viettel Global Investment est visiblement\u00a0 en train de retrouver ses droits dans le conflit qui l\u2019oppose \u00e0\u00a0 Baba Danpullo et Bestcam, son partenaire camerounais de l\u2019entreprise commune Nextell Cameroun S.A. Les investissements d\u2019un montant de 26 milliards de FCFA\u00a0 de\u00a0 Viettel Global Investment, dans\u00a0 l\u2019entreprise commune Nextell Cameroun S.A contest\u00e9s par son partenaire camerounais Baba [&hellip;]<\/p>\n","protected":false},"author":1969,"featured_media":0,"comment_status":"closed","ping_status":"closed","sticky":false,"template":"","format":"standard","meta":{"fifu_image_url":"","fifu_image_alt":"","footnotes":""},"categories":[82,78],"tags":[],"class_list":["post-58651","post","type-post","status-publish","format-standard","hentry","category-cameroun","category-economie"],"_links":{"self":[{"href":"https:\/\/linitiative.ca\/International\/wp-json\/wp\/v2\/posts\/58651","targetHints":{"allow":["GET"]}}],"collection":[{"href":"https:\/\/linitiative.ca\/International\/wp-json\/wp\/v2\/posts"}],"about":[{"href":"https:\/\/linitiative.ca\/International\/wp-json\/wp\/v2\/types\/post"}],"author":[{"embeddable":true,"href":"https:\/\/linitiative.ca\/International\/wp-json\/wp\/v2\/users\/1969"}],"replies":[{"embeddable":true,"href":"https:\/\/linitiative.ca\/International\/wp-json\/wp\/v2\/comments?post=58651"}],"version-history":[{"count":0,"href":"https:\/\/linitiative.ca\/International\/wp-json\/wp\/v2\/posts\/58651\/revisions"}],"wp:attachment":[{"href":"https:\/\/linitiative.ca\/International\/wp-json\/wp\/v2\/media?parent=58651"}],"wp:term":[{"taxonomy":"category","embeddable":true,"href":"https:\/\/linitiative.ca\/International\/wp-json\/wp\/v2\/categories?post=58651"},{"taxonomy":"post_tag","embeddable":true,"href":"https:\/\/linitiative.ca\/International\/wp-json\/wp\/v2\/tags?post=58651"}],"curies":[{"name":"wp","href":"https:\/\/api.w.org\/{rel}","templated":true}]}}