{"id":58652,"date":"2019-08-20T13:51:25","date_gmt":"2019-08-20T17:51:25","guid":{"rendered":"https:\/\/linitiative.ca\/International\/sic-qui-est-ahmadou-sardaouna\/"},"modified":"2019-08-20T13:51:25","modified_gmt":"2019-08-20T17:51:25","slug":"sic-qui-est-ahmadou-sardaouna","status":"publish","type":"post","link":"https:\/\/linitiative.ca\/International\/sic-qui-est-ahmadou-sardaouna\/","title":{"rendered":"SIC : qui est Ahmadou Sardaouna"},"content":{"rendered":"<p><strong><a href=\"https:\/\/i1.wp.com\/ecomatin.net\/wp-content\/uploads\/2019\/08\/ecomatin.net-nomination-un-nouveau-dg-a-la-tete-de-la-sic-capture-2019-08-20-16-06-53-1.jpg?ssl=1\"><\/p>\n<p><img loading=\"lazy\" decoding=\"async\" data-attachment-id=\"10650\" data-permalink=\"https:\/\/ecomatin.net\/nomination-un-nouveau-dg-a-la-tete-de-la-sic\/capture-2019-08-20-16-06-53-1\/\" data-orig-file=\"https:\/\/i1.wp.com\/ecomatin.net\/wp-content\/uploads\/2019\/08\/ecomatin.net-nomination-un-nouveau-dg-a-la-tete-de-la-sic-capture-2019-08-20-16-06-53-1.jpg?fit=1440%2C1363&#038;ssl=1\" data-orig-size=\"1440,1363\" data-comments-opened=\"0\" data-image-meta=\"{\"aperture\":\"0\",\"credit\":\"\",\"camera\":\"\",\"caption\":\"\",\"created_timestamp\":\"0\",\"copyright\":\"\",\"focal_length\":\"0\",\"iso\":\"0\",\"shutter_speed\":\"0\",\"title\":\"\",\"orientation\":\"0\"}\" data-image-title=\"Capture+-2019-08-20-16-06-53-1\" data-image-description=\"\" data-medium-file=\"https:\/\/i1.wp.com\/ecomatin.net\/wp-content\/uploads\/2019\/08\/ecomatin.net-nomination-un-nouveau-dg-a-la-tete-de-la-sic-capture-2019-08-20-16-06-53-1.jpg?fit=300%2C284&#038;ssl=1\" data-large-file=\"https:\/\/i1.wp.com\/ecomatin.net\/wp-content\/uploads\/2019\/08\/ecomatin.net-nomination-un-nouveau-dg-a-la-tete-de-la-sic-capture-2019-08-20-16-06-53-1.jpg?fit=1024%2C969&#038;ssl=1\" class=\"wp-image-10650 alignleft\" src=\"https:\/\/i1.wp.com\/ecomatin.net\/wp-content\/uploads\/2019\/08\/ecomatin.net-nomination-un-nouveau-dg-a-la-tete-de-la-sic-capture-2019-08-20-16-06-53-1.jpg?resize=206%2C195&#038;ssl=1\" alt=\"\" width=\"206\" height=\"195\" srcset=\"https:\/\/i1.wp.com\/ecomatin.net\/wp-content\/uploads\/2019\/08\/ecomatin.net-nomination-un-nouveau-dg-a-la-tete-de-la-sic-capture-2019-08-20-16-06-53-1.jpg?resize=1024%2C969&#038;ssl=1 1024w, https:\/\/i1.wp.com\/ecomatin.net\/wp-content\/uploads\/2019\/08\/ecomatin.net-nomination-un-nouveau-dg-a-la-tete-de-la-sic-capture-2019-08-20-16-06-53-1.jpg?resize=300%2C284&#038;ssl=1 300w, https:\/\/i1.wp.com\/ecomatin.net\/wp-content\/uploads\/2019\/08\/ecomatin.net-nomination-un-nouveau-dg-a-la-tete-de-la-sic-capture-2019-08-20-16-06-53-1.jpg?resize=768%2C727&#038;ssl=1 768w, https:\/\/i1.wp.com\/ecomatin.net\/wp-content\/uploads\/2019\/08\/ecomatin.net-nomination-un-nouveau-dg-a-la-tete-de-la-sic-capture-2019-08-20-16-06-53-1.jpg?w=1440&#038;ssl=1 1440w\" sizes=\"auto, (max-width: 206px) 100vw, 206px\" data-recalc-dims=\"1\"\/><\/p>\n<p><\/a><\/strong>\u00ab <em>C\u2019est \u00e0 l\u2019issue d\u2019un conseil d\u2019administration de la <strong>Soci\u00e9t\u00e9 immobili\u00e8re du Cameroun\u00a0<\/strong> (SIC) qui s\u2019est tenu \u00e0 Yaound\u00e9, hier, qu\u2019<strong>Ahmadou Sardaouna<\/strong> a \u00e9t\u00e9 nomm\u00e9 directeur g\u00e9n\u00e9rale de la SIC. Et <strong>Ketcha Court\u00e8s<\/strong>, le ministre de l\u2019Habitat et du D\u00e9veloppement Urbain (Minhdu), devient le pr\u00e9sident du conseil d\u2019administration (PCA) de la m\u00eame structure<\/em> \u00bb, nous renseigne une source proche de la SIC.<\/p>\n<p>Avant d\u2019atterrir \u00e0 la t\u00eate de la Sic, Ahmadou Sardaouna a occup\u00e9 plusieurs fonctions aux Minhdu. Entre autres, d\u00e9l\u00e9gu\u00e9 r\u00e9gional du Minhdu pour le Littoral, Secr\u00e9taire g\u00e9n\u00e9ral du Minhdu, etc. Ing\u00e9nieur des Travaux public, il est titulaire d\u2019un doctorat en gestion de projets obtenu \u00e0 Atlantic International University, aux Etats-Unis. Il est \u00e9galement d\u00e9tenteur d\u2019un Master en math\u00e9matiques g\u00e9n\u00e9rales (obtenu \u00e0 Aix-Marseille universit\u00e9), d\u2019un Master 2 en g\u00e9nie informatique (obtenu \u00e0 l\u2019universit\u00e9 de Franche-Comt\u00e9), d\u2019un Master 2 en g\u00e9nie civil et infrastructures (obtenu \u00e0 l\u2019Institut international de l\u2019Ing\u00e9nierie de l\u2019Eau et de l\u2019Environnement.<\/p>\n<p>Ahmadou Sardaouna remplace, \u00e0 ce poste, <strong>Gabriel Bengono<\/strong>, d\u00e9barqu\u00e9 \u00e0 l\u2019issue du m\u00eame conseil d\u2019administration. Ketcha Court\u00e8s, l\u2019ancienne maire de Bagangt\u00e9, prendra la place d<strong>\u2019Adji Abdoulaye Haman<\/strong>. C\u2019est donc une nouvelle \u00e9quipe qui a pris les r\u00eanes de la Sic au soir du 20 ao\u00fbt dernier.<\/p>\n<p>En revanche, la nomination de la ministre C\u00e9lestine Ketcha Court\u00e8s et d\u2019Ahmadou Sadaouna vient remettre au go\u00fbt du jour, le sempiternel d\u00e9bat relatif au cumul des fonctions au Cameroun. \u00ab <em>On parle de ce probl\u00e8me tous les jours. Des hommes d\u2019Etat cumulent des fonctions au m\u00e9pris de la loi en vigueur. Mais personne n\u2019en parle. La nomination de Ketcha Court\u00e8s comme PCA de la SIC est un bel exemple. Elle travaille bien, mais elle ne doit pas cumuler les fonctions. Si elle le fait, elle est hors la loi<\/em> \u00bb, a d\u00e9clar\u00e9 un internaute sur les r\u00e9seaux sociaux.<\/p>\n<div class=\"about-author about-author-box container-wrapper\">\n<div class=\"author-avatar\">\n<p><img decoding=\"async\" src=\"http:\/\/\" alt=\"\"\/><\/p>\n<\/div>\n<p><h4>La R\u00e9daction EcoMatin<\/h4>\n<\/p>\n<\/div>\n<div class=\"awac-wrapper awac widget blog_subscription-2\">\n<h4 class=\"widget-title\">Abonnez-vous \u00e0 notre lettre d&rsquo;information<\/h4>\n<\/div>\n<p>Auteur: EcoMatin<br \/>\n<a href=\"https:\/\/ecomatin.net\/nomination-un-nouveau-dg-a-la-tete-de-la-sic\/\">Cliquez ici pour lire l&rsquo;article depuis sa source.<\/a><\/p>\n","protected":false},"excerpt":{"rendered":"<p>\u00ab C\u2019est \u00e0 l\u2019issue d\u2019un conseil d\u2019administration de la Soci\u00e9t\u00e9 immobili\u00e8re du Cameroun\u00a0 (SIC) qui s\u2019est tenu \u00e0 Yaound\u00e9, hier, qu\u2019Ahmadou Sardaouna a \u00e9t\u00e9 nomm\u00e9 directeur g\u00e9n\u00e9rale de la SIC. Et Ketcha Court\u00e8s, le ministre de l\u2019Habitat et du D\u00e9veloppement Urbain (Minhdu), devient le pr\u00e9sident du conseil d\u2019administration (PCA) de la m\u00eame structure \u00bb, nous [&hellip;]<\/p>\n","protected":false},"author":1969,"featured_media":0,"comment_status":"closed","ping_status":"closed","sticky":false,"template":"","format":"standard","meta":{"fifu_image_url":"","fifu_image_alt":"","footnotes":""},"categories":[82,78],"tags":[],"class_list":["post-58652","post","type-post","status-publish","format-standard","hentry","category-cameroun","category-economie"],"_links":{"self":[{"href":"https:\/\/linitiative.ca\/International\/wp-json\/wp\/v2\/posts\/58652","targetHints":{"allow":["GET"]}}],"collection":[{"href":"https:\/\/linitiative.ca\/International\/wp-json\/wp\/v2\/posts"}],"about":[{"href":"https:\/\/linitiative.ca\/International\/wp-json\/wp\/v2\/types\/post"}],"author":[{"embeddable":true,"href":"https:\/\/linitiative.ca\/International\/wp-json\/wp\/v2\/users\/1969"}],"replies":[{"embeddable":true,"href":"https:\/\/linitiative.ca\/International\/wp-json\/wp\/v2\/comments?post=58652"}],"version-history":[{"count":0,"href":"https:\/\/linitiative.ca\/International\/wp-json\/wp\/v2\/posts\/58652\/revisions"}],"wp:attachment":[{"href":"https:\/\/linitiative.ca\/International\/wp-json\/wp\/v2\/media?parent=58652"}],"wp:term":[{"taxonomy":"category","embeddable":true,"href":"https:\/\/linitiative.ca\/International\/wp-json\/wp\/v2\/categories?post=58652"},{"taxonomy":"post_tag","embeddable":true,"href":"https:\/\/linitiative.ca\/International\/wp-json\/wp\/v2\/tags?post=58652"}],"curies":[{"name":"wp","href":"https:\/\/api.w.org\/{rel}","templated":true}]}}