{"id":58653,"date":"2019-08-20T15:02:33","date_gmt":"2019-08-20T19:02:33","guid":{"rendered":"https:\/\/linitiative.ca\/International\/yves-michel-fotso-sous-assistance-medicale-au-maroc\/"},"modified":"2019-08-20T15:02:33","modified_gmt":"2019-08-20T19:02:33","slug":"yves-michel-fotso-sous-assistance-medicale-au-maroc","status":"publish","type":"post","link":"https:\/\/linitiative.ca\/International\/yves-michel-fotso-sous-assistance-medicale-au-maroc\/","title":{"rendered":"Yves Michel Fotso sous assistance m\u00e9dicale au Maroc"},"content":{"rendered":"<p>Le condamn\u00e9 \u00e0 vie peut souffler. <strong>Yves Michel Fotso<\/strong>, l\u2019ex-patron de la compagnie nationale Cameroon Airlines (<strong>Camair<\/strong>) incarc\u00e9r\u00e9 \u00e0 la prison centrale de Yaound\u00e9 n\u2019est pas au pays depuis dimanche 18 ao\u00fbt 2019. Malade depuis plusieurs mois, l\u2019homme d\u2019affaires se trouve actuellement au Maroc o\u00f9 il est suivi par le corps m\u00e9dical. Aucune information ne filtre sur la dur\u00e9e de son s\u00e9jour. Quoi qu\u2019il en soit, ce qui importe pour le d\u00e9tenu de Kondengui, c\u2019est que sa requ\u00eate adress\u00e9e \u00e0 la pr\u00e9sidence de la R\u00e9publique a eu un \u00e9cho favorable. Le d\u00e9tenu sollicitait une permission pr\u00e9sidentielle pour une \u00e9vacuation sanitaire \u00e0 l\u2019\u00e9tranger. Selon certaines indiscr\u00e9tions, c\u2019est le pr\u00e9sident <strong>Paul Biya<\/strong> en personne qui a autoris\u00e9 ce voyage en terre marocaine.<\/p>\n<p>Yves Michel Fotso peut avoir du sourire aux l\u00e8vres \u00e9tant donn\u00e9 que plusieurs autres d\u00e9tenus de l\u2019\u00a0\u00ab\u00a0<strong><em>Op\u00e9ration Epervier<\/em><\/strong>\u00a0\u00bb ayant sollicit\u00e9 une sortie du territoire pour des soins de sant\u00e9 n\u2019ont jamais pu obtenir l\u2019approbation du chef de l\u2019Etat. C\u2019est le cas de <strong>Marafa Hamidou Yaya<\/strong>. Des personnalit\u00e9s comme <strong>Henri Engoulou<\/strong> et <strong>J\u00e9r\u00f4me Mendouga<\/strong>, eux, sont d\u00e9c\u00e9d\u00e9s en prison. Pourquoi cette g\u00e9n\u00e9rosit\u00e9 ? Pour nombre d\u2019observateurs cit\u00e9s par RFI, elle ne serait qu\u2019un juste retour d\u2019ascenseur \u00e0 l\u2019endroit de son p\u00e8re, le milliardaire <strong>Victor Fotso<\/strong>, fondateur du groupe du m\u00eame nom, dont l\u2019amiti\u00e9 et la fid\u00e9lit\u00e9 au pr\u00e9sident Biya n\u2019ont jamais \u00e9t\u00e9 prises \u00e0 d\u00e9faut. Une partie de l\u2019opinion d\u00e9nonce une \u00ab <em>exfiltration<\/em> \u00bb au m\u00e9pris de toute r\u00e8gle de droit.<\/p>\n<p>Rappelons qu\u2019Yves-Michel Fotso a toujours clam\u00e9 son innocence dans les peines qui lui ont \u00e9t\u00e9 inflig\u00e9es par la justice camerounaise. Quelques fois, ses avocats ont m\u00eame boycott\u00e9 les audiences du Tribunal criminel sp\u00e9cial, cr\u00e9\u00e9 pour juger les auteurs pr\u00e9sum\u00e9s de corruption \u00e0 grande \u00e9chelle, pour d\u00e9noncer des vices de proc\u00e9dure. Il reste que, depuis \u00ab <em>l\u2019affaire Albatros<\/em> \u00bb, l\u2019achat inabouti d\u2019un avion pr\u00e9sidentiel, la justice camerounaise s\u2019int\u00e9resse de lui. En 2008, d\u00e9j\u00e0, les juges accusent l\u2019ancien administrateur directeur g\u00e9n\u00e9ral de la Camair d\u2019avoir profit\u00e9 de cet achat manqu\u00e9 pour s\u2019enrichir. Quatre ans plus tard, en 2012, Yves-Michel Fotso est condamn\u00e9 \u00e0 <strong>25 ans<\/strong> de prison pour avoir d\u00e9tourn\u00e9 la somme de <strong>32,4 milliards FCFA<\/strong>. Mais ses ennuis judiciaires ne se r\u00e9sument peut-\u00eatre pas \u00e0 ses affaires de gros sous. Pour ses proches, Yves-Michel Fotso est un bouc \u00e9missaire : il ferait les frais d\u2019un incident technique qui avait perturb\u00e9 le vol inaugural du Boeing pr\u00e9sidentiel. Le pilote avait eu du mal \u00e0 rentrer les volets des ailes. Le chef de l\u2019Etat Biya, qui se rendait alors \u00e0 Paris, en avait \u00e9t\u00e9 quitte pour une grosse frayeur.<\/p>\n<div class=\"about-author about-author-box container-wrapper\">\n<div class=\"author-avatar\">\n<p><img decoding=\"async\" src=\"http:\/\/\" alt=\"\"\/><\/p>\n<\/div>\n<p><h4>La R\u00e9daction EcoMatin<\/h4>\n<\/p>\n<\/div>\n<div class=\"awac-wrapper awac widget blog_subscription-2\">\n<h4 class=\"widget-title\">Abonnez-vous \u00e0 notre lettre d&rsquo;information<\/h4>\n<\/div>\n<p>Auteur: EcoMatin<br \/>\n<a href=\"https:\/\/ecomatin.net\/yves-michel-fotso-sous-assistance-medicale-au-maroc\/\">Cliquez ici pour lire l&rsquo;article depuis sa source.<\/a><\/p>\n","protected":false},"excerpt":{"rendered":"<p>Le condamn\u00e9 \u00e0 vie peut souffler. Yves Michel Fotso, l\u2019ex-patron de la compagnie nationale Cameroon Airlines (Camair) incarc\u00e9r\u00e9 \u00e0 la prison centrale de Yaound\u00e9 n\u2019est pas au pays depuis dimanche 18 ao\u00fbt 2019. Malade depuis plusieurs mois, l\u2019homme d\u2019affaires se trouve actuellement au Maroc o\u00f9 il est suivi par le corps m\u00e9dical. Aucune information ne [&hellip;]<\/p>\n","protected":false},"author":1969,"featured_media":0,"comment_status":"closed","ping_status":"closed","sticky":false,"template":"","format":"standard","meta":{"fifu_image_url":"","fifu_image_alt":"","footnotes":""},"categories":[82,78],"tags":[],"class_list":["post-58653","post","type-post","status-publish","format-standard","hentry","category-cameroun","category-economie"],"_links":{"self":[{"href":"https:\/\/linitiative.ca\/International\/wp-json\/wp\/v2\/posts\/58653","targetHints":{"allow":["GET"]}}],"collection":[{"href":"https:\/\/linitiative.ca\/International\/wp-json\/wp\/v2\/posts"}],"about":[{"href":"https:\/\/linitiative.ca\/International\/wp-json\/wp\/v2\/types\/post"}],"author":[{"embeddable":true,"href":"https:\/\/linitiative.ca\/International\/wp-json\/wp\/v2\/users\/1969"}],"replies":[{"embeddable":true,"href":"https:\/\/linitiative.ca\/International\/wp-json\/wp\/v2\/comments?post=58653"}],"version-history":[{"count":0,"href":"https:\/\/linitiative.ca\/International\/wp-json\/wp\/v2\/posts\/58653\/revisions"}],"wp:attachment":[{"href":"https:\/\/linitiative.ca\/International\/wp-json\/wp\/v2\/media?parent=58653"}],"wp:term":[{"taxonomy":"category","embeddable":true,"href":"https:\/\/linitiative.ca\/International\/wp-json\/wp\/v2\/categories?post=58653"},{"taxonomy":"post_tag","embeddable":true,"href":"https:\/\/linitiative.ca\/International\/wp-json\/wp\/v2\/tags?post=58653"}],"curies":[{"name":"wp","href":"https:\/\/api.w.org\/{rel}","templated":true}]}}