{"id":58654,"date":"2019-08-21T04:04:42","date_gmt":"2019-08-21T08:04:42","guid":{"rendered":"https:\/\/linitiative.ca\/International\/operation-marhaba-de-nouvelles-dispositions-prises-pour-2019\/"},"modified":"2019-08-21T04:04:42","modified_gmt":"2019-08-21T08:04:42","slug":"operation-marhaba-de-nouvelles-dispositions-prises-pour-2019","status":"publish","type":"post","link":"https:\/\/linitiative.ca\/International\/operation-marhaba-de-nouvelles-dispositions-prises-pour-2019\/","title":{"rendered":"Op\u00e9ration Marhaba : De nouvelles dispositions prises pour 2019"},"content":{"rendered":"<p><img decoding=\"async\" class=\"post_layout_5_img\" src=\"http:\/\/aujourdhui.ma\/wp-content\/uploads\/2019\/08\/Marhaba-MRE.jpg?x29840\" alt=\"Op\u00e9ration Marhaba : De nouvelles dispositions prises pour 2019\"\/><\/p>\n<p class=\"p1\"><span class=\"c4\"><strong><span class=\"s1\">Deux mois apr\u00e8s le lancement de cette op\u00e9ration, 567.932 MRE ont regagn\u00e9 le Maroc via le port Tanger Med. A ce trafic s\u2019ajoute le passage de 159.110 v\u00e9hicules. Le pic des entr\u00e9es de l\u2019op\u00e9ration Marhaba a \u00e9t\u00e9 enregistr\u00e9 durant le week-end du\u00a0<\/span><span class=\"s1\">3 au 4 ao\u00fbt.<\/span><\/strong><\/span><span id=\"more-317156\"\/><\/p>\n<p class=\"p1\"><span class=\"s1\">L\u2019op\u00e9ration Marhaba marque, depuis plus de 15 ans, le retour des Marocains du Monde au bercail. Programm\u00e9 annuellement du 5 juin au 15 septembre, ce dispositif tend \u00e0 organiser l\u2019arriv\u00e9e massive des MRE sur le territoire national en cette p\u00e9riode estivale.<\/span><\/p>\n<p class=\"p1\"><span class=\"s1\">Le succ\u00e8s de cette op\u00e9ration est li\u00e9 \u00e0 l\u2019implication de tous les acteurs concern\u00e9s, en l\u2019occurrence la Fondation Mohammed V pour la solidarit\u00e9, les autorit\u00e9s locales, la Direction g\u00e9n\u00e9rale de la s\u00fbret\u00e9 nationale, la Douane, le contr\u00f4le sanitaire aux fronti\u00e8res et la Gendarmerie royale.<\/span><\/p>\n<p class=\"p1\"><span class=\"s1\">Deux mois apr\u00e8s le lancement de cette op\u00e9ration, 567.932 MRE ont regagn\u00e9 le Maroc via le port Tanger Med. A ce trafic s\u2019ajoute \u00e9galement le passage de 159.110 v\u00e9hicules. Le pic des entr\u00e9es de l\u2019op\u00e9ration Marhaba a \u00e9t\u00e9 enregistr\u00e9 durant le week-end du 3 au 4 ao\u00fbt. Les arriv\u00e9es ont en effet atteint un total de 61.197 passagers et 15.601 v\u00e9hicules. Ces donn\u00e9es ont \u00e9t\u00e9 formul\u00e9es r\u00e9cemment par l\u2019autorit\u00e9 portuaire Tanger Med. Cette infrastructure est en effet le point phare de la travers\u00e9e des Marocains du Monde.\u00a0<\/span><\/p>\n<p class=\"p1\"><span class=\"s1\">En vue de mener \u00e0 bien l\u2019op\u00e9ration Marhaba 2019, le Maroc en collaboration avec ses partenaires a renforc\u00e9 la coordination logistique \u00e0 travers notamment la mise en place de nouvelles aires de repos de la part de la Fondation Mohammed V pour la solidarit\u00e9 dont 15 au niveau national et 5 \u00e0 l\u2019\u00e9tranger, en l\u2019occurrence Almeria, Alg\u00e9siras, Motril, S\u00e8te et G\u00eanes. Il a \u00e9galement \u00e9t\u00e9 proc\u00e9d\u00e9 \u00e0 l\u2019\u00e9largissement de la flotte maritime. 28 bateaux suppl\u00e9mentaires ont \u00e9t\u00e9 mis en service en cette p\u00e9riode contre 26 l\u2019ann\u00e9e derni\u00e8re. Pour \u00eatre au chevet des Marocains du Monde, la Fondation Mohammed V pour la solidarit\u00e9 a renforc\u00e9 ses effectifs. Au total, 291 cadres m\u00e9dicaux, 800 aides sociaux et 141 volontaires ont \u00e9t\u00e9 mobilis\u00e9s. De m\u00eame, plus de 5.000 agents de s\u00e9curit\u00e9, de gendarmerie et forces royales ont \u00e9t\u00e9 d\u00e9p\u00each\u00e9s dans le cadre de cette op\u00e9ration. Marhaba 2019 a \u00e9t\u00e9 marqu\u00e9e par la poursuite de la modernisation des infrastructures portuaires. Une enveloppe de 65 millions de dirhams a \u00e9t\u00e9 d\u00e9bloqu\u00e9e dans ce sens. De m\u00eame, un nouvel espace d\u2019une superficie de 63.000 m\u00e8tres carr\u00e9s a \u00e9t\u00e9 am\u00e9nag\u00e9 \u00e0 proximit\u00e9 de Tanger Med. Cet espace porte sur une capacit\u00e9 d\u2019accueil de 1.071 v\u00e9hicules et 248 autocars.<span class=\"Apple-converted-space\">\u00a0<\/span> Pour plus d\u2019efficacit\u00e9, les outils de surveillance ont \u00e9t\u00e9 modernis\u00e9s au niveau des postes-fronti\u00e8res dotant ces passages d\u2019\u00e9quipements d\u2019appoint, notamment \u00e0 travers la mise en place de nouveaux mat\u00e9riels de d\u00e9tection \u00e9lectronique et scanners. La communication a \u00e9galement \u00e9t\u00e9 renforc\u00e9e \u00e0 travers l\u2019actualisation du guide de travers\u00e9e dont 250.000 exemplaires ont \u00e9t\u00e9 distribu\u00e9s en six langues. Il a \u00e9galement \u00e9t\u00e9 proc\u00e9d\u00e9 au lancement d\u2019une application \u00e9lectronique d\u00e9di\u00e9e \u00e0 l\u2019op\u00e9ration sans oublier les \u00e9changes sur les r\u00e9seaux sociaux. Rappelons que l\u2019ann\u00e9e derni\u00e8re, 5,83 millions de MRE ont transit\u00e9 durant l\u2019op\u00e9ration Marhaba dont 43,10% par voie maritime, 41,18% par voie a\u00e9rienne et 15,72% par autocars.<\/span><\/p>\n<div class=\"base-box mom_box_sc_custom mom_box_sc clear c6\" readability=\"54\">\n<p class=\"p1\"><span class=\"c5\"><span class=\"s1\"><strong>La flotte mobilis\u00e9e\u00a0<\/strong><\/span><span class=\"s1\"><strong>au niveau des diff\u00e9rentes lignes maritimes<\/strong><\/span><\/span><\/p>\n<p class=\"p1\"><span class=\"s1\"><strong><span class=\"Apple-converted-space\">\u00a0 \u00a0<\/span> Ligne Tanger Med- Alg\u00e9siras<\/strong><\/span><\/p>\n<p class=\"p2\"><span class=\"s1\">\u2022 15 bateaux effectuant 53 voyages par jour contre 49 en 2018<\/span><\/p>\n<p class=\"p2\"><span class=\"s1\">\u2022 La capacit\u00e9 de cette ligne est de 47.210 passagers par jour, contre 42.370 l\u2019ann\u00e9e derni\u00e8re.<\/span><\/p>\n<p class=\"p2\"><span class=\"s1\">\u2022 La capacit\u00e9 des v\u00e9hicules a augment\u00e9 de 13% par rapport \u00e0 l\u2019ann\u00e9e pr\u00e9c\u00e9dente accueillant ainsi 12.895 engins.<\/span><\/p>\n<p class=\"p1\"><span class=\"s1\"><strong><span class=\"Apple-converted-space\">\u00a0 \u00a0<\/span> Tanger Med- Motril<\/strong><\/span><\/p>\n<p class=\"p2\"><span class=\"s1\">\u2022 Un paquebot d\u2019une capacit\u00e9 journali\u00e8re de 312 personnes et de 86 v\u00e9hicules avec une moyenne d\u2019un voyage par jour.<\/span><\/p>\n<p class=\"p1\"><span class=\"s1\"><strong><span class=\"Apple-converted-space\">\u00a0\u00a0<\/span> Ligne Tanger Med \u2013 Barcelone \u2013 Savone<\/strong><\/span><\/p>\n<p class=\"p2\"><span class=\"s1\">\u2022 Un bateau d\u2019une capacit\u00e9 hebdomadaire de 1.300 personnes et 450 v\u00e9hicules, soit une moyenne d\u2019un voyage par semaine.<\/span><\/p>\n<p class=\"p1\"><span class=\"s1\"><strong><span class=\"Apple-converted-space\">\u00a0 \u00a0<\/span> Tanger Med \u2013 Barcelone \u2013 G\u00eanes \/ Tanger Med \u2013 Barcelone \u2013 S\u00e8te<\/strong><\/span><\/p>\n<p class=\"p2\"><span class=\"s1\">\u2022 3 bateaux sur les deux lignes, d\u2019une capacit\u00e9 hebdomadaire de 12.725 passagers et 4.241 v\u00e9hicules avec une moyenne de 7 voyages par semaine, soit un voyage par jour.<\/span><\/p>\n<p class=\"p1\"><span class=\"s2\"><span class=\"Apple-converted-space\">\u00a0 \u00a0<\/span><\/span> <span class=\"s1\"><strong>Nador-Almeria<\/strong><\/span><\/p>\n<p class=\"p2\"><span class=\"s1\">\u2022 4 bateaux en 2019 contre 3 l\u2019ann\u00e9e derni\u00e8re.<\/span><\/p>\n<p class=\"p2\"><span class=\"s1\">\u00b7 La capacit\u00e9 de cette ligne est de 7.800 passagers et de 2.185 v\u00e9hicules.<\/span><\/p>\n<p class=\"p1\"><span class=\"s1\"><strong><span class=\"Apple-converted-space\">\u00a0 \u00a0<\/span> Nador- S\u00e8te \/ Nador-Barcelone<\/strong><\/span><\/p>\n<p class=\"p2\"><span class=\"s1\">\u2022 Un bateau sur les deux lignes, d\u2019une capacit\u00e9 hebdomadaire de 1.800 passagers et 608 v\u00e9hicules, avec une moyenne d\u2019un voyage par semaine.<\/span><\/p>\n<p class=\"p1\"><span class=\"s1\"><strong><span class=\"Apple-converted-space\">\u00a0 \u00a0<\/span> Nador-Motril\/<span class=\"Apple-converted-space\">\u00a0<\/span> Al Hoceima-Motril<\/strong><\/span><\/p>\n<p class=\"p2\"><span class=\"s1\">\u2022 La capacit\u00e9 d\u2019accueil est de 10.800 passagers et 3.40 v\u00e9hicules.<\/span><\/p>\n<p class=\"p1\"><span class=\"s1\"><strong><span class=\"Apple-converted-space\">\u00a0 \u00a0<\/span> Tanger ville \u2013 Tarifa<\/strong><\/span><\/p>\n<p class=\"p2\"><span class=\"s1\">\u2022 4 bateaux effectuant 24 voyages par jour d\u2019une capacit\u00e9 de 13.241 passagers et 2.047 v\u00e9hicules.<\/span><\/p>\n<\/div>\n<p>Auteur: Kawtar Tali<br \/>\n<a href=\"http:\/\/aujourdhui.ma\/societe\/operation-marhaba-de-nouvelles-dispositions-prises-pour-2019\">Cliquez ici pour lire l&rsquo;article depuis sa source.<\/a><\/p>\n","protected":false},"excerpt":{"rendered":"<p>Deux mois apr\u00e8s le lancement de cette op\u00e9ration, 567.932 MRE ont regagn\u00e9 le Maroc via le port Tanger Med. A ce trafic s\u2019ajoute le passage de 159.110 v\u00e9hicules. Le pic des entr\u00e9es de l\u2019op\u00e9ration Marhaba a \u00e9t\u00e9 enregistr\u00e9 durant le week-end du\u00a03 au 4 ao\u00fbt. L\u2019op\u00e9ration Marhaba marque, depuis plus de 15 ans, le retour [&hellip;]<\/p>\n","protected":false},"author":1759,"featured_media":0,"comment_status":"closed","ping_status":"closed","sticky":false,"template":"","format":"standard","meta":{"fifu_image_url":"","fifu_image_alt":"","footnotes":""},"categories":[73,54],"tags":[],"class_list":["post-58654","post","type-post","status-publish","format-standard","hentry","category-actualite","category-maroc"],"_links":{"self":[{"href":"https:\/\/linitiative.ca\/International\/wp-json\/wp\/v2\/posts\/58654","targetHints":{"allow":["GET"]}}],"collection":[{"href":"https:\/\/linitiative.ca\/International\/wp-json\/wp\/v2\/posts"}],"about":[{"href":"https:\/\/linitiative.ca\/International\/wp-json\/wp\/v2\/types\/post"}],"author":[{"embeddable":true,"href":"https:\/\/linitiative.ca\/International\/wp-json\/wp\/v2\/users\/1759"}],"replies":[{"embeddable":true,"href":"https:\/\/linitiative.ca\/International\/wp-json\/wp\/v2\/comments?post=58654"}],"version-history":[{"count":0,"href":"https:\/\/linitiative.ca\/International\/wp-json\/wp\/v2\/posts\/58654\/revisions"}],"wp:attachment":[{"href":"https:\/\/linitiative.ca\/International\/wp-json\/wp\/v2\/media?parent=58654"}],"wp:term":[{"taxonomy":"category","embeddable":true,"href":"https:\/\/linitiative.ca\/International\/wp-json\/wp\/v2\/categories?post=58654"},{"taxonomy":"post_tag","embeddable":true,"href":"https:\/\/linitiative.ca\/International\/wp-json\/wp\/v2\/tags?post=58654"}],"curies":[{"name":"wp","href":"https:\/\/api.w.org\/{rel}","templated":true}]}}