{"id":58655,"date":"2019-08-21T04:05:10","date_gmt":"2019-08-21T08:05:10","guid":{"rendered":"https:\/\/linitiative.ca\/International\/bientot-un-conseil-consultatif-pour-les-jeunes\/"},"modified":"2019-08-21T04:05:10","modified_gmt":"2019-08-21T08:05:10","slug":"bientot-un-conseil-consultatif-pour-les-jeunes","status":"publish","type":"post","link":"https:\/\/linitiative.ca\/International\/bientot-un-conseil-consultatif-pour-les-jeunes\/","title":{"rendered":"Bient\u00f4t un Conseil consultatif pour les jeunes"},"content":{"rendered":"<header>\n<\/header>\n<div class=\"entry-content clearfix\" readability=\"66\"><img decoding=\"async\" class=\"post_layout_5_img\" src=\"http:\/\/aujourdhui.ma\/wp-content\/uploads\/2019\/08\/Jeunesse-Maroc.jpg?x29840\" alt=\"Bient\u00f4t un Conseil consultatif pour les jeunes\"\/><\/p>\n<p class=\"p1\"><span class=\"c4\"><strong><span class=\"s1\">Pr\u00e9vu par la Constitution, cet organe doit offrir\u00a0<\/span><span class=\"s1\">un nouvel espace de consultation pour la jeunesse<\/span><\/strong><\/span><span id=\"more-317157\"\/><\/p>\n<p class=\"p1\"><span class=\"s1\">Cela fait pratiquement plus d\u2019une ann\u00e9e et demie que la loi relative au Conseil consultatif de la jeunesse et de l\u2019action associative a \u00e9t\u00e9 publi\u00e9e au Bulletin officiel. Tr\u00e8s attendu, le conseil est pr\u00e9vu par la Constitution de 2011. La loi adopt\u00e9e par le Parlement est venue pour offrir un cadre juridique suppl\u00e9mentaire pour l\u2019\u00e9laboration de politiques publiques en faveur de la jeunesse et du milieu associatif. Dans les d\u00e9tails, la cr\u00e9ation du Conseil est pr\u00e9vue pr\u00e9cis\u00e9ment par l\u2019article 33. De m\u00eame, l\u2019article 170 stipule que le Conseil de la jeunesse et de l\u2019action associative est une instance consultative dans les domaines de la protection de la jeunesse et de la promotion de la vie associative. Il est charg\u00e9 d\u2019\u00e9tudier et de suivre les questions int\u00e9ressant ces domaines et de formuler des propositions sur tout sujet d\u2019ordre \u00e9conomique, social et culturel int\u00e9ressant directement les jeunes et l\u2019action associative, ainsi que le d\u00e9veloppement des \u00e9nergies cr\u00e9atives de la jeunesse, et leur incitation \u00e0 la participation \u00e0 la vie nationale, dans un esprit de citoyennet\u00e9 responsable.<\/span><\/p>\n<p class=\"p1\"><span class=\"s1\">Plus concr\u00e8tement, la loi fixe les pr\u00e9rogatives de cette institution, notamment la formulation d\u2019avis sur toutes les questions qui lui sont soumises par Sa Majest\u00e9 le Roi, le gouvernement et les pr\u00e9sidents des deux Chambres du Parlement et \u00e0 contribuer \u00e0 la pr\u00e9paration des strat\u00e9gies \u00e9labor\u00e9es par le gouvernement dans le domaine de la promotion des conditions des jeunes et le d\u00e9veloppement de l\u2019action associative. Il sera \u00e9galement question pour le Conseil de r\u00e9aliser des \u00e9tudes et des recherches en rapport avec les jeunes et l\u2019action associative. L\u2019\u00e9laboration de recommandations \u00e0 destination des autorit\u00e9s comp\u00e9tentes pour l\u2019am\u00e9lioration de la situation des jeunes et le d\u00e9veloppement de l\u2019action associative figure \u00e9galement dans la liste des pr\u00e9rogatives de cette instance. S\u2019agissant de sa composition, le Conseil comprend deux organes : l\u2019un charg\u00e9 des questions de la jeunesse et l\u2019autre de l\u2019action associative. Diverses autorit\u00e9s constitutionnelles et organisations non gouvernementales sont \u00e9galement impliqu\u00e9es.<\/span><\/p>\n<p class=\"p1\"><span class=\"s1\">Le l\u00e9gislateur a \u00e9galement insist\u00e9 sur le principe de la parit\u00e9 et la participation des Marocains r\u00e9sidant \u00e0 l\u2019\u00e9tranger. Il faut dire que l\u2019adoption du projet de loi relatif au Conseil consultatif de la jeunesse et de l\u2019action associative a \u00e9t\u00e9 pr\u00e9c\u00e9d\u00e9e d\u2019un d\u00e9bat notamment aupr\u00e8s des partis politiques. Dans ce sens, une d\u00e9l\u00e9gation compos\u00e9e de diff\u00e9rentes jeunesses partisanes avait effectu\u00e9 un plaidoyer aupr\u00e8s du gouvernement pr\u00e9c\u00e9dent ainsi que les dirigeants de la majorit\u00e9 gouvernementale sortante.<\/span><\/p>\n<p class=\"p1\"><span class=\"s1\">Le d\u00e9bat a port\u00e9 notamment sur la composition du conseil et la repr\u00e9sentativit\u00e9 des jeunesses partisanes en son sein. Il faut pr\u00e9ciser que le Conseil consultatif de la jeunesse et de l\u2019action associative est dirig\u00e9 par un pr\u00e9sident nomm\u00e9 par Dahir. Il est compos\u00e9 en outre de 24 membres choisis pour leur comp\u00e9tence et leur expertise dans ce domaine.<\/span><\/p>\n<\/div>\n<p>Auteur: ALM<br \/>\n<a href=\"http:\/\/aujourdhui.ma\/actualite\/bientot-un-conseil-consultatif-pour-les-jeunes\">Cliquez ici pour lire l&rsquo;article depuis sa source.<\/a><\/p>\n","protected":false},"excerpt":{"rendered":"<p>Pr\u00e9vu par la Constitution, cet organe doit offrir\u00a0un nouvel espace de consultation pour la jeunesse Cela fait pratiquement plus d\u2019une ann\u00e9e et demie que la loi relative au Conseil consultatif de la jeunesse et de l\u2019action associative a \u00e9t\u00e9 publi\u00e9e au Bulletin officiel. Tr\u00e8s attendu, le conseil est pr\u00e9vu par la Constitution de 2011. La [&hellip;]<\/p>\n","protected":false},"author":1759,"featured_media":0,"comment_status":"closed","ping_status":"closed","sticky":false,"template":"","format":"standard","meta":{"fifu_image_url":"","fifu_image_alt":"","footnotes":""},"categories":[73,54],"tags":[],"class_list":["post-58655","post","type-post","status-publish","format-standard","hentry","category-actualite","category-maroc"],"_links":{"self":[{"href":"https:\/\/linitiative.ca\/International\/wp-json\/wp\/v2\/posts\/58655","targetHints":{"allow":["GET"]}}],"collection":[{"href":"https:\/\/linitiative.ca\/International\/wp-json\/wp\/v2\/posts"}],"about":[{"href":"https:\/\/linitiative.ca\/International\/wp-json\/wp\/v2\/types\/post"}],"author":[{"embeddable":true,"href":"https:\/\/linitiative.ca\/International\/wp-json\/wp\/v2\/users\/1759"}],"replies":[{"embeddable":true,"href":"https:\/\/linitiative.ca\/International\/wp-json\/wp\/v2\/comments?post=58655"}],"version-history":[{"count":0,"href":"https:\/\/linitiative.ca\/International\/wp-json\/wp\/v2\/posts\/58655\/revisions"}],"wp:attachment":[{"href":"https:\/\/linitiative.ca\/International\/wp-json\/wp\/v2\/media?parent=58655"}],"wp:term":[{"taxonomy":"category","embeddable":true,"href":"https:\/\/linitiative.ca\/International\/wp-json\/wp\/v2\/categories?post=58655"},{"taxonomy":"post_tag","embeddable":true,"href":"https:\/\/linitiative.ca\/International\/wp-json\/wp\/v2\/tags?post=58655"}],"curies":[{"name":"wp","href":"https:\/\/api.w.org\/{rel}","templated":true}]}}