{"id":58659,"date":"2019-08-21T05:39:34","date_gmt":"2019-08-21T09:39:34","guid":{"rendered":"https:\/\/linitiative.ca\/International\/reouverture-de-laeroport-tunis-carthage-aux-familles-des-passagers\/"},"modified":"2019-08-21T05:39:34","modified_gmt":"2019-08-21T09:39:34","slug":"reouverture-de-laeroport-tunis-carthage-aux-familles-des-passagers","status":"publish","type":"post","link":"https:\/\/linitiative.ca\/International\/reouverture-de-laeroport-tunis-carthage-aux-familles-des-passagers\/","title":{"rendered":"R\u00e9ouverture de l\u2019a\u00e9roport Tunis-Carthage aux familles des passagers"},"content":{"rendered":"<p><strong>Le chef du Gouvernement, Youssef Chahed, s\u2019est r\u00e9uni, ce mercredi 21 ao\u00fbt, avec les ministres de l\u2019Int\u00e9rieur et du Transport, Hichem Fourati et Hichem Ben Ahmed, afin de recevoir le rapport des mesures s\u00e9curitaires et des proc\u00e9dures pr\u00e9ventives prises \u00e0 l\u2019a\u00e9roport Tunis-Carthage.<\/strong><\/p>\n<p>Chahed a donn\u00e9 l\u2019autorisation aux autorit\u00e9s concern\u00e9es de permettre \u00e0 tous les citoyens et aux familles des voyageurs, \u00e0 partir de demain jeudi 22 ao\u00fbt, d\u2019entrer \u00e0 l\u2019a\u00e9roport, selon un communiqu\u00e9 publi\u00e9 par la Pr\u00e9sidence du Gouvernement.<\/p>\n<p>source : mosaique fm<\/p>\n<p class=\"dpsp-share-text\">Partager c&rsquo;est aimer!<\/p>\n<div class=\"wp-post-author-wrap wp-post-author-shortcode left\">\n<h3 class=\"awpa-title\"\/>\n<div class=\"wp-post-author\">\n<div class=\"awpa-img awpa-author-block square\"><a href=\"http:\/\/lexpertjournal.net\/fr\/author\/expert\/\"><img loading=\"lazy\" decoding=\"async\" alt=\"\" src=\"http:\/\/2.gravatar.com\/avatar\/56d99be2a6f97af88ccb49fada637fcd?s=150&#038;d=mm&#038;r=g\" srcset=\"http:\/\/2.gravatar.com\/avatar\/56d99be2a6f97af88ccb49fada637fcd?s=300&#038;d=mm&#038;r=g 2x\" class=\"avatar avatar-150 photo\" height=\"150\" width=\"150\"\/><\/a><\/div>\n<\/div>\n<\/div>\n<p>Auteur: L&rsquo;expert<br \/>\n<a href=\"http:\/\/lexpertjournal.net\/fr\/2019\/08\/21\/reouverture-de-laeroport-tunis-carthage-aux-familles-des-passagers\/\">Cliquez ici pour lire l&rsquo;article depuis sa source.<\/a><\/p>\n","protected":false},"excerpt":{"rendered":"<p>Le chef du Gouvernement, Youssef Chahed, s\u2019est r\u00e9uni, ce mercredi 21 ao\u00fbt, avec les ministres de l\u2019Int\u00e9rieur et du Transport, Hichem Fourati et Hichem Ben Ahmed, afin de recevoir le rapport des mesures s\u00e9curitaires et des proc\u00e9dures pr\u00e9ventives prises \u00e0 l\u2019a\u00e9roport Tunis-Carthage. Chahed a donn\u00e9 l\u2019autorisation aux autorit\u00e9s concern\u00e9es de permettre \u00e0 tous les citoyens [&hellip;]<\/p>\n","protected":false},"author":1775,"featured_media":0,"comment_status":"closed","ping_status":"closed","sticky":false,"template":"","format":"standard","meta":{"fifu_image_url":"","fifu_image_alt":"","footnotes":""},"categories":[78,55],"tags":[],"class_list":["post-58659","post","type-post","status-publish","format-standard","hentry","category-economie","category-tunisie"],"_links":{"self":[{"href":"https:\/\/linitiative.ca\/International\/wp-json\/wp\/v2\/posts\/58659","targetHints":{"allow":["GET"]}}],"collection":[{"href":"https:\/\/linitiative.ca\/International\/wp-json\/wp\/v2\/posts"}],"about":[{"href":"https:\/\/linitiative.ca\/International\/wp-json\/wp\/v2\/types\/post"}],"author":[{"embeddable":true,"href":"https:\/\/linitiative.ca\/International\/wp-json\/wp\/v2\/users\/1775"}],"replies":[{"embeddable":true,"href":"https:\/\/linitiative.ca\/International\/wp-json\/wp\/v2\/comments?post=58659"}],"version-history":[{"count":0,"href":"https:\/\/linitiative.ca\/International\/wp-json\/wp\/v2\/posts\/58659\/revisions"}],"wp:attachment":[{"href":"https:\/\/linitiative.ca\/International\/wp-json\/wp\/v2\/media?parent=58659"}],"wp:term":[{"taxonomy":"category","embeddable":true,"href":"https:\/\/linitiative.ca\/International\/wp-json\/wp\/v2\/categories?post=58659"},{"taxonomy":"post_tag","embeddable":true,"href":"https:\/\/linitiative.ca\/International\/wp-json\/wp\/v2\/tags?post=58659"}],"curies":[{"name":"wp","href":"https:\/\/api.w.org\/{rel}","templated":true}]}}