{"id":58660,"date":"2019-08-21T07:49:39","date_gmt":"2019-08-21T11:49:39","guid":{"rendered":"https:\/\/linitiative.ca\/International\/ferme-depuis-plus-de-90-jours-laeroport-tunis-carthage-rouvert-jeudi-au-public\/"},"modified":"2019-08-21T07:49:39","modified_gmt":"2019-08-21T11:49:39","slug":"ferme-depuis-plus-de-90-jours-laeroport-tunis-carthage-rouvert-jeudi-au-public","status":"publish","type":"post","link":"https:\/\/linitiative.ca\/International\/ferme-depuis-plus-de-90-jours-laeroport-tunis-carthage-rouvert-jeudi-au-public\/","title":{"rendered":"Ferm\u00e9 depuis plus de 90 jours : L\u2019a\u00e9roport Tunis-Carthage rouvert jeudi au public"},"content":{"rendered":"<p>L\u2019a\u00e9roport international de Tunis-Carthage sera ouvert, jeudi, au public apr\u00e8s sa fermeture depuis plus d\u2019un mois et demi pour des raisons de s\u00e9curit\u00e9.<\/p>\n<p>La d\u00e9cision de r\u00e9ouverture de l\u2019a\u00e9roport au public, a \u00e9t\u00e9 prise suite \u00e0 une r\u00e9union tenue mercredi matin au palais du gouvernement \u00e0 la Kasbah, entre le chef du gouvernement, Youssef Chahed, et les ministres de l\u2019Int\u00e9rieur, Hichem Fourati, et du Transport, Hichem Ben Ahmed, qui ont pr\u00e9sent\u00e9 un rapport sur les dispositifs mis en place pour le renforcement des mesures s\u00e9curitaires pr\u00e9ventives dans l\u2019a\u00e9roport, selon un communiqu\u00e9 publi\u00e9 par la pr\u00e9sidence du gouvernement.<\/p>\n<p>La r\u00e9union a aussi constitu\u00e9 une occasion pour passer en revue le taux d\u2019avancement du projet de la route de liaison de l\u2019a\u00e9roport et les d\u00e9lais de sa mise en exploitation.<\/p>\n<p>Rappelons que l\u2019acc\u00e8s \u00e0 l\u2019A\u00e9roport a \u00e9t\u00e9 strictement interdit depuis le 27 juin 2019, suite aux deux attentats terroristes perp\u00e9tr\u00e9s simultan\u00e9ment \u00e0 Tunis.<\/p>\n<p class=\"dpsp-share-text\">Partager c&rsquo;est aimer!<\/p>\n<div class=\"wp-post-author-wrap wp-post-author-shortcode left\">\n<h3 class=\"awpa-title\"\/>\n<div class=\"wp-post-author\">\n<div class=\"awpa-img awpa-author-block square\"><a href=\"http:\/\/lexpertjournal.net\/fr\/author\/expert\/\"><img loading=\"lazy\" decoding=\"async\" alt=\"\" src=\"http:\/\/2.gravatar.com\/avatar\/56d99be2a6f97af88ccb49fada637fcd?s=150&#038;d=mm&#038;r=g\" srcset=\"http:\/\/2.gravatar.com\/avatar\/56d99be2a6f97af88ccb49fada637fcd?s=300&#038;d=mm&#038;r=g 2x\" class=\"avatar avatar-150 photo\" height=\"150\" width=\"150\"\/><\/a><\/div>\n<\/div>\n<\/div>\n<p>Auteur: L&rsquo;expert<br \/>\n<a href=\"http:\/\/lexpertjournal.net\/fr\/2019\/08\/21\/ferme-depuis-plus-de-90-jours-laeroport-tunis-carthage-rouvert-jeudi-au-public\/\">Cliquez ici pour lire l&rsquo;article depuis sa source.<\/a><\/p>\n","protected":false},"excerpt":{"rendered":"<p>L\u2019a\u00e9roport international de Tunis-Carthage sera ouvert, jeudi, au public apr\u00e8s sa fermeture depuis plus d\u2019un mois et demi pour des raisons de s\u00e9curit\u00e9. La d\u00e9cision de r\u00e9ouverture de l\u2019a\u00e9roport au public, a \u00e9t\u00e9 prise suite \u00e0 une r\u00e9union tenue mercredi matin au palais du gouvernement \u00e0 la Kasbah, entre le chef du gouvernement, Youssef Chahed, [&hellip;]<\/p>\n","protected":false},"author":1775,"featured_media":0,"comment_status":"closed","ping_status":"closed","sticky":false,"template":"","format":"standard","meta":{"fifu_image_url":"","fifu_image_alt":"","footnotes":""},"categories":[78,55],"tags":[],"class_list":["post-58660","post","type-post","status-publish","format-standard","hentry","category-economie","category-tunisie"],"_links":{"self":[{"href":"https:\/\/linitiative.ca\/International\/wp-json\/wp\/v2\/posts\/58660","targetHints":{"allow":["GET"]}}],"collection":[{"href":"https:\/\/linitiative.ca\/International\/wp-json\/wp\/v2\/posts"}],"about":[{"href":"https:\/\/linitiative.ca\/International\/wp-json\/wp\/v2\/types\/post"}],"author":[{"embeddable":true,"href":"https:\/\/linitiative.ca\/International\/wp-json\/wp\/v2\/users\/1775"}],"replies":[{"embeddable":true,"href":"https:\/\/linitiative.ca\/International\/wp-json\/wp\/v2\/comments?post=58660"}],"version-history":[{"count":0,"href":"https:\/\/linitiative.ca\/International\/wp-json\/wp\/v2\/posts\/58660\/revisions"}],"wp:attachment":[{"href":"https:\/\/linitiative.ca\/International\/wp-json\/wp\/v2\/media?parent=58660"}],"wp:term":[{"taxonomy":"category","embeddable":true,"href":"https:\/\/linitiative.ca\/International\/wp-json\/wp\/v2\/categories?post=58660"},{"taxonomy":"post_tag","embeddable":true,"href":"https:\/\/linitiative.ca\/International\/wp-json\/wp\/v2\/tags?post=58660"}],"curies":[{"name":"wp","href":"https:\/\/api.w.org\/{rel}","templated":true}]}}