{"id":58661,"date":"2019-08-21T07:53:00","date_gmt":"2019-08-21T11:53:00","guid":{"rendered":"https:\/\/linitiative.ca\/International\/candidat-a-la-presidence-youssef-chahed-abandonne-sa-double-nationalite\/"},"modified":"2019-08-21T07:53:00","modified_gmt":"2019-08-21T11:53:00","slug":"candidat-a-la-presidence-youssef-chahed-abandonne-sa-double-nationalite","status":"publish","type":"post","link":"https:\/\/linitiative.ca\/International\/candidat-a-la-presidence-youssef-chahed-abandonne-sa-double-nationalite\/","title":{"rendered":"Candidat \u00e0 la pr\u00e9sidence : Youssef Chahed abandonne sa double-nationalit\u00e9"},"content":{"rendered":"<p>Youssef Chahed, chef du gouvernement et candidat \u00e0 l\u2019\u00e9lection pr\u00e9sidentielle anticip\u00e9e a dit, mardi, d\u00e9tenir une deuxi\u00e8me nationalit\u00e9 sans la pr\u00e9ciser. Il a indiqu\u00e9 y avoir renonc\u00e9 avant de pr\u00e9senter sa candidature au scrutin pr\u00e9sidentiel pr\u00e9vu en septembre prochain.<\/p>\n<p>Cette information n\u2019\u00e9tait pas connue avant que Chahed ne la divulgue, mardi, dans un post sur sa page Facebook.<\/p>\n<p>Dans ce post, Youssef Chahed a \u00e9crit: \u00ab L\u2019article 74 de la Constitution stipule que tout candidat \u00e0 la pr\u00e9sidence de la R\u00e9publique titulaire d\u2019une autre nationalit\u00e9 doit pr\u00e9senter un engagement d\u2019abandon de la deuxi\u00e8me nationalit\u00e9 \u00e0 l\u2019annonce de son \u00e9lection. Comme des centaines de milliers de Tunisiens ayant r\u00e9sid\u00e9 et travaill\u00e9 \u00e0 l\u2019\u00e9tranger, j\u2019\u00e9tais titulaire d\u2019une deuxi\u00e8me nationalit\u00e9 que j\u2019ai abandonn\u00e9 avant de pr\u00e9senter ma candidature. Les postulants \u00e0 la magistrature supr\u00eame ne doivent pas attendre leur \u00e9lection pour le faire. J\u2019invite tous les candidats dans cette situation \u00e0 faire de m\u00eame \u00bb.<\/p>\n<p>Une source proche a d\u00e9clar\u00e9 que Youssef Chahed qui avait fait des \u00e9tudes en France \u00e9tait titulaire de la nationalit\u00e9 fran\u00e7aise avant d\u2019y renoncer le jour o\u00f9 il a d\u00e9pos\u00e9 sa candidature au scrutin pr\u00e9sidentiel le 9 ao\u00fbt 2019.<\/p>\n<p>Youssef Chahed avait occup\u00e9 des postes de responsabilit\u00e9 au gouvernement Habib Essid (2015-2016). Il occupe le poste de chef de gouvernement depuis 2016.<\/p>\n<p>En vertu de l\u2019article 74 de la Constitution, si le candidat \u00e0 la pr\u00e9sidence de la R\u00e9publique est titulaire d\u2019une autre nationalit\u00e9 que la nationalit\u00e9 tunisienne, il doit pr\u00e9senter dans le dossier de candidature un engagement stipulant l\u2019abandon de l\u2019autre nationalit\u00e9 \u00e0 l\u2019annonce de son \u00e9lection en tant que Pr\u00e9sident de la R\u00e9publique.<\/p>\n<p class=\"dpsp-share-text\">Partager c&rsquo;est aimer!<\/p>\n<div class=\"wp-post-author-wrap wp-post-author-shortcode left\">\n<h3 class=\"awpa-title\"\/>\n<div class=\"wp-post-author\">\n<div class=\"awpa-img awpa-author-block square\"><a href=\"http:\/\/lexpertjournal.net\/fr\/author\/expert\/\"><img loading=\"lazy\" decoding=\"async\" alt=\"\" src=\"http:\/\/2.gravatar.com\/avatar\/56d99be2a6f97af88ccb49fada637fcd?s=150&#038;d=mm&#038;r=g\" srcset=\"http:\/\/2.gravatar.com\/avatar\/56d99be2a6f97af88ccb49fada637fcd?s=300&#038;d=mm&#038;r=g 2x\" class=\"avatar avatar-150 photo\" height=\"150\" width=\"150\"\/><\/a><\/div>\n<\/div>\n<\/div>\n<p>Auteur: L&rsquo;expert<br \/>\n<a href=\"http:\/\/lexpertjournal.net\/fr\/2019\/08\/21\/candidat-a-la-presidence-youssef-chahed-abandonne-sa-double-nationalite\/\">Cliquez ici pour lire l&rsquo;article depuis sa source.<\/a><\/p>\n","protected":false},"excerpt":{"rendered":"<p>Youssef Chahed, chef du gouvernement et candidat \u00e0 l\u2019\u00e9lection pr\u00e9sidentielle anticip\u00e9e a dit, mardi, d\u00e9tenir une deuxi\u00e8me nationalit\u00e9 sans la pr\u00e9ciser. Il a indiqu\u00e9 y avoir renonc\u00e9 avant de pr\u00e9senter sa candidature au scrutin pr\u00e9sidentiel pr\u00e9vu en septembre prochain. Cette information n\u2019\u00e9tait pas connue avant que Chahed ne la divulgue, mardi, dans un post sur [&hellip;]<\/p>\n","protected":false},"author":1775,"featured_media":0,"comment_status":"closed","ping_status":"closed","sticky":false,"template":"","format":"standard","meta":{"fifu_image_url":"","fifu_image_alt":"","footnotes":""},"categories":[78,55],"tags":[],"class_list":["post-58661","post","type-post","status-publish","format-standard","hentry","category-economie","category-tunisie"],"_links":{"self":[{"href":"https:\/\/linitiative.ca\/International\/wp-json\/wp\/v2\/posts\/58661","targetHints":{"allow":["GET"]}}],"collection":[{"href":"https:\/\/linitiative.ca\/International\/wp-json\/wp\/v2\/posts"}],"about":[{"href":"https:\/\/linitiative.ca\/International\/wp-json\/wp\/v2\/types\/post"}],"author":[{"embeddable":true,"href":"https:\/\/linitiative.ca\/International\/wp-json\/wp\/v2\/users\/1775"}],"replies":[{"embeddable":true,"href":"https:\/\/linitiative.ca\/International\/wp-json\/wp\/v2\/comments?post=58661"}],"version-history":[{"count":0,"href":"https:\/\/linitiative.ca\/International\/wp-json\/wp\/v2\/posts\/58661\/revisions"}],"wp:attachment":[{"href":"https:\/\/linitiative.ca\/International\/wp-json\/wp\/v2\/media?parent=58661"}],"wp:term":[{"taxonomy":"category","embeddable":true,"href":"https:\/\/linitiative.ca\/International\/wp-json\/wp\/v2\/categories?post=58661"},{"taxonomy":"post_tag","embeddable":true,"href":"https:\/\/linitiative.ca\/International\/wp-json\/wp\/v2\/tags?post=58661"}],"curies":[{"name":"wp","href":"https:\/\/api.w.org\/{rel}","templated":true}]}}