{"id":58662,"date":"2019-08-21T07:55:35","date_gmt":"2019-08-21T11:55:35","guid":{"rendered":"https:\/\/linitiative.ca\/International\/pour-aider-les-electeurs-dans-leur-choix-101-questions-de-lugtt-aux-partis-politiques-et-aux-candidats-des-prochaines-elections\/"},"modified":"2019-08-21T07:55:35","modified_gmt":"2019-08-21T11:55:35","slug":"pour-aider-les-electeurs-dans-leur-choix-101-questions-de-lugtt-aux-partis-politiques-et-aux-candidats-des-prochaines-elections","status":"publish","type":"post","link":"https:\/\/linitiative.ca\/International\/pour-aider-les-electeurs-dans-leur-choix-101-questions-de-lugtt-aux-partis-politiques-et-aux-candidats-des-prochaines-elections\/","title":{"rendered":"Pour aider les \u00e9lecteurs dans leur choix : 101 questions de l\u2019UGTT aux partis politiques et aux candidats des prochaines \u00e9lections"},"content":{"rendered":"<p>L\u2019Union G\u00e9n\u00e9rale Tunisienne du Travail (UGTT) a annonc\u00e9 l\u2019\u00e9laboration d\u2019une s\u00e9rie de questions qu\u2019elle adressera aux partis politiques et aux candidats aux prochaines \u00e9lections l\u00e9gislatives et pr\u00e9sidentielles, dans le but d\u2019identifier leurs programmes \u00e9lectoraux et assister les \u00e9lecteurs dans leur choix.<\/p>\n<p>Dans un document publi\u00e9, mardi, l\u2019UGTT a convi\u00e9 les candidats aux prochaines \u00e9ch\u00e9ances \u00e9lectorales, \u00e0 r\u00e9pondre \u00e0 101 questions, afin de permettre aux \u00e9lecteurs de faire leur choix sur la base de programmes distincts et concrets et sur des visions bien claires, soulignant que les r\u00e9ponses qui seront apport\u00e9es par les partis politiques, focaliseront les d\u00e9bats et discussions sur les propositions et alternatives des partis politiques.<\/p>\n<p>Ces questions, d\u00e9clin\u00e9es sur 10 th\u00e8mes majeurs, serviront \u00e0 identifier les programmes et les id\u00e9es des parties politiques \u00ab dans les moindres d\u00e9tails qui concernent la r\u00e9alit\u00e9 du pays et son avenir aux niveaux politique, s\u00e9curitaire, \u00e9conomique et social \u00bb, lit-on de m\u00eame source.<\/p>\n<p>Il s\u2019agit, selon le document, de prospecter les parties politiques sur les questions ayant trait au syst\u00e8me de gouvernance, au syst\u00e8me s\u00e9curitaire et judiciaire, aux libert\u00e9s, aux \u00e9quilibres financiers du pays, \u00e0 la fiscalit\u00e9, au d\u00e9veloppement, \u00e0 l\u2019investissement, aux \u00e9tablissements publics, \u00e0 l\u2019administration, aux politiques sectorielles et sociales, \u00e0 la jeunesse et aux femmes actives, \u00e0 la culture, \u00e0 la presse, au sport, au d\u00e9veloppement r\u00e9gionale et \u00e0 la qualit\u00e9 de vie.<\/p>\n<p>Les r\u00e9ponses obtenues seront collect\u00e9es par l\u2019UGTT pour \u00eatre analys\u00e9es et int\u00e9gr\u00e9es par la suite dans une plate-forme \u00e9lectronique, \u00e0 laquelle l\u2019\u00e9lecteur pourra acc\u00e9der pour visualiser les programmes des partis et des candidats, ainsi que leurs points de convergence et de d\u00e9saccord.<\/p>\n<p>L\u2019organisation syndicale a soulign\u00e9, qu\u2019\u00e0 travers ces questions, elle aspire \u00e0 amener l\u2019opinion publique et politique \u00e0 pr\u00e9senter et \u00e0 d\u00e9battre des projets \u00e0 m\u00eame de faire sortir le pays de la crise ainsi qu\u2019\u00e0 conna\u00eetre les programmes des partis et des candidats aux \u00e9lections.<\/p>\n<p class=\"dpsp-share-text\">Partager c&rsquo;est aimer!<\/p>\n<div class=\"wp-post-author-wrap wp-post-author-shortcode left\">\n<h3 class=\"awpa-title\"\/>\n<div class=\"wp-post-author\">\n<div class=\"awpa-img awpa-author-block square\"><a href=\"http:\/\/lexpertjournal.net\/fr\/author\/expert\/\"><img loading=\"lazy\" decoding=\"async\" alt=\"\" src=\"http:\/\/2.gravatar.com\/avatar\/56d99be2a6f97af88ccb49fada637fcd?s=150&#038;d=mm&#038;r=g\" srcset=\"http:\/\/2.gravatar.com\/avatar\/56d99be2a6f97af88ccb49fada637fcd?s=300&#038;d=mm&#038;r=g 2x\" class=\"avatar avatar-150 photo\" height=\"150\" width=\"150\"\/><\/a><\/div>\n<\/div>\n<\/div>\n<p>Auteur: L&rsquo;expert<br \/>\n<a href=\"http:\/\/lexpertjournal.net\/fr\/2019\/08\/21\/pour-aider-les-electeurs-dans-leur-choix-101-questions-de-lugtt-aux-partis-politiques-et-aux-candidats-des-prochaines-elections\/\">Cliquez ici pour lire l&rsquo;article depuis sa source.<\/a><\/p>\n","protected":false},"excerpt":{"rendered":"<p>L\u2019Union G\u00e9n\u00e9rale Tunisienne du Travail (UGTT) a annonc\u00e9 l\u2019\u00e9laboration d\u2019une s\u00e9rie de questions qu\u2019elle adressera aux partis politiques et aux candidats aux prochaines \u00e9lections l\u00e9gislatives et pr\u00e9sidentielles, dans le but d\u2019identifier leurs programmes \u00e9lectoraux et assister les \u00e9lecteurs dans leur choix. Dans un document publi\u00e9, mardi, l\u2019UGTT a convi\u00e9 les candidats aux prochaines \u00e9ch\u00e9ances \u00e9lectorales, [&hellip;]<\/p>\n","protected":false},"author":1775,"featured_media":0,"comment_status":"closed","ping_status":"closed","sticky":false,"template":"","format":"standard","meta":{"fifu_image_url":"","fifu_image_alt":"","footnotes":""},"categories":[78,55],"tags":[],"class_list":["post-58662","post","type-post","status-publish","format-standard","hentry","category-economie","category-tunisie"],"_links":{"self":[{"href":"https:\/\/linitiative.ca\/International\/wp-json\/wp\/v2\/posts\/58662","targetHints":{"allow":["GET"]}}],"collection":[{"href":"https:\/\/linitiative.ca\/International\/wp-json\/wp\/v2\/posts"}],"about":[{"href":"https:\/\/linitiative.ca\/International\/wp-json\/wp\/v2\/types\/post"}],"author":[{"embeddable":true,"href":"https:\/\/linitiative.ca\/International\/wp-json\/wp\/v2\/users\/1775"}],"replies":[{"embeddable":true,"href":"https:\/\/linitiative.ca\/International\/wp-json\/wp\/v2\/comments?post=58662"}],"version-history":[{"count":0,"href":"https:\/\/linitiative.ca\/International\/wp-json\/wp\/v2\/posts\/58662\/revisions"}],"wp:attachment":[{"href":"https:\/\/linitiative.ca\/International\/wp-json\/wp\/v2\/media?parent=58662"}],"wp:term":[{"taxonomy":"category","embeddable":true,"href":"https:\/\/linitiative.ca\/International\/wp-json\/wp\/v2\/categories?post=58662"},{"taxonomy":"post_tag","embeddable":true,"href":"https:\/\/linitiative.ca\/International\/wp-json\/wp\/v2\/tags?post=58662"}],"curies":[{"name":"wp","href":"https:\/\/api.w.org\/{rel}","templated":true}]}}