{"id":58664,"date":"2019-08-21T13:04:02","date_gmt":"2019-08-21T17:04:02","guid":{"rendered":"https:\/\/linitiative.ca\/International\/le-12e-festival-national-de-diwan-du-31-aout-au-3-septembre-a-bechar\/"},"modified":"2019-08-21T13:04:02","modified_gmt":"2019-08-21T17:04:02","slug":"le-12e-festival-national-de-diwan-du-31-aout-au-3-septembre-a-bechar","status":"publish","type":"post","link":"https:\/\/linitiative.ca\/International\/le-12e-festival-national-de-diwan-du-31-aout-au-3-septembre-a-bechar\/","title":{"rendered":"Le 12e Festival national de diwan du 31 ao\u00fbt au 3 septembre \u00e0 Bechar"},"content":{"rendered":"<div>\n<div class=\"K2FeedImage\"><img decoding=\"async\" src=\"http:\/\/www.aps.dz\/media\/k2\/items\/cache\/fd8c4b4161fe47fd3cb9b03c1f48be18_S.jpg\" alt=\"Le 12e Festival national de diwan du 31 ao\u00fbt au 3 septembre \u00e0 Bechar\"><\/div>\n<div class=\"K2FeedIntroText\">\n<p><strong>ALGER- Une dizaine de troupes musicales ont \u00e9t\u00e9 s\u00e9lectionn\u00e9es pour prendre part au 12e Festival national de musique diwan pr\u00e9vu dans \u00e0 Bechar du 31 ao\u00fbt au 3 septembre, annoncent les organisateurs.\u00a0<\/strong><\/p>\n<\/div>\n<div class=\"K2FeedFullText\">\n<p>Ce festival de diwan, le seul existant d\u00e9soramis, devra se tenir au complexe olympique El Borga (ville de B\u00e9char) et accueillir 12 troupes en comp\u00e9tition dont trois nouvelles formation de musique diwan en provenance de Adrar, Tindouf et N\u00e2ama.<\/p>\n<p>\u00ab\u00a0Banga Ness El Waha\u00a0\u00bb de Ouargla, \u00ab\u00a0Ouled Mejdoub\u00a0\u00bb de Mostaganem, \u00ab\u00a0Sidi Blel\u00a0\u00bb de Gharda\u00efa, ou encore \u00ab\u00a0Ahl Diwan\u00a0\u00bb de Bechar, comptent parmi les troupes en comp\u00e9tition.<\/p>\n<p>En plus de la comp\u00e9tition, le public b\u00e9charoi devra pouvoir appr\u00e9cier les prestations de \u00ab\u00a0Ra\u00efna Ra\u00ef\u00a0\u00bb, \u00ab\u00a0Nora Gnawa\u00a0\u00bb, \u00ab\u00a0Taferka\u00a0\u00bb et \u00ab\u00a0Echra\u00e2a\u00a0\u00bb.<\/p>\n<p>Les organisateurs pr\u00e9voient \u00e9galement un hommage \u00e0 un des doyens du diwan, M\u00e2allem Mohamed Bahaz, de 77 ans, un habitu\u00e9 du festival auquel il a plusieurs fois particip\u00e9 avec une troupe constitu\u00e9e de ses propores enfants.<\/p>\n<hr>\n<p><a href=\"http:\/\/www.aps.dz\/culture\/93290-le-chanteur-andalous-brahim-hadj-kacem-anime-un-concert-a-alger\">Lire aussi :\u00a0Le chanteur andalous Brahim Hadj Kacem anime un concert \u00e0 Alger<\/a><\/p>\n<hr>\n<p>Co\u00efncidant d&rsquo;habitude avec le mois du patrimoine (18 avril-18 mai), ce festival conna\u00eet de grandes perturbation depuis 2015, l&rsquo;ann\u00e9e o\u00f9 il a \u00e9t\u00e9 d\u00e9cid\u00e9 de le programmer tous les deux ans en alternance avec la version internationale programm\u00e9e \u00e0 Alger et qui vient d&rsquo;\u00eatre cette ann\u00e9e.<\/p>\n<p>Le commissaire du Festival national de musique diwan, Hamdani Ammari, a indiqu\u00e9 que l&rsquo;\u00e9v\u00e9nement b\u00e9n\u00e9ficie d&rsquo;une enveloppe financi\u00e8re de \u00ab\u00a0cinq million de dinars\u00a0\u00bb ce qui, explique-t-il \u00e0 l&rsquo;APS, se r\u00e9percute sur la dur\u00e9e du festival \u00ab\u00a0ramen\u00e9e \u00e0 quatre jours au lieu de six\u00a0\u00bb.<\/p>\n<p>La location de mat\u00e9riel technique (sc\u00e8ne, son et lumi\u00e8re) \u00ab\u00a0consomme, \u00e0 elle seule,\u00a0 le quart du budget\u00a0\u00bb allou\u00e9 au festival\u00a0\u00bb, se d\u00e9sole-t-il.\u00a0\u00a0<\/p>\n<p>Habitu\u00e9s du festival et observateurs pr\u00e9conisent depuis plusieurs ann\u00e9es de d\u00e9localiser ce festival vers une des oasis touristiques de la Saoura et de fixer des dates plus adapt\u00e9s correspondant aux grandes affluences de visiteurs de la r\u00e9gion.<\/p>\n<\/div>\n<\/div>\n<p>Auteur:<br \/>\n<a href=\"http:\/\/www.aps.dz\/culture\/93406-le-12e-festival-national-de-diwan-du-31-aout-au-3-septembre-a-bechar\">Cliquez ici pour lire l&rsquo;article depuis sa source.<\/a><\/p>\n","protected":false},"excerpt":{"rendered":"<p>ALGER- Une dizaine de troupes musicales ont \u00e9t\u00e9 s\u00e9lectionn\u00e9es pour prendre part au 12e Festival national de musique diwan pr\u00e9vu dans \u00e0 Bechar du 31 ao\u00fbt au 3 septembre, annoncent les organisateurs.\u00a0 Ce festival de diwan, le seul existant d\u00e9soramis, devra se tenir au complexe olympique El Borga (ville de B\u00e9char) et accueillir 12 troupes [&hellip;]<\/p>\n","protected":false},"author":1790,"featured_media":58665,"comment_status":"closed","ping_status":"closed","sticky":false,"template":"","format":"standard","meta":{"fifu_image_url":"","fifu_image_alt":"","footnotes":""},"categories":[53,79],"tags":[],"class_list":["post-58664","post","type-post","status-publish","format-standard","has-post-thumbnail","hentry","category-algerie","category-culture"],"_links":{"self":[{"href":"https:\/\/linitiative.ca\/International\/wp-json\/wp\/v2\/posts\/58664","targetHints":{"allow":["GET"]}}],"collection":[{"href":"https:\/\/linitiative.ca\/International\/wp-json\/wp\/v2\/posts"}],"about":[{"href":"https:\/\/linitiative.ca\/International\/wp-json\/wp\/v2\/types\/post"}],"author":[{"embeddable":true,"href":"https:\/\/linitiative.ca\/International\/wp-json\/wp\/v2\/users\/1790"}],"replies":[{"embeddable":true,"href":"https:\/\/linitiative.ca\/International\/wp-json\/wp\/v2\/comments?post=58664"}],"version-history":[{"count":0,"href":"https:\/\/linitiative.ca\/International\/wp-json\/wp\/v2\/posts\/58664\/revisions"}],"wp:featuredmedia":[{"embeddable":true,"href":"https:\/\/linitiative.ca\/International\/wp-json\/"}],"wp:attachment":[{"href":"https:\/\/linitiative.ca\/International\/wp-json\/wp\/v2\/media?parent=58664"}],"wp:term":[{"taxonomy":"category","embeddable":true,"href":"https:\/\/linitiative.ca\/International\/wp-json\/wp\/v2\/categories?post=58664"},{"taxonomy":"post_tag","embeddable":true,"href":"https:\/\/linitiative.ca\/International\/wp-json\/wp\/v2\/tags?post=58664"}],"curies":[{"name":"wp","href":"https:\/\/api.w.org\/{rel}","templated":true}]}}