{"id":58675,"date":"2019-08-21T06:40:53","date_gmt":"2019-08-21T10:40:53","guid":{"rendered":"https:\/\/linitiative.ca\/International\/installation-du-nouveau-president-de-la-cour-de-djelfa\/"},"modified":"2019-08-21T06:40:53","modified_gmt":"2019-08-21T10:40:53","slug":"installation-du-nouveau-president-de-la-cour-de-djelfa","status":"publish","type":"post","link":"https:\/\/linitiative.ca\/International\/installation-du-nouveau-president-de-la-cour-de-djelfa\/","title":{"rendered":"Installation du nouveau pr\u00e9sident de la Cour de Djelfa"},"content":{"rendered":"<div>\n<div class=\"K2FeedIntroText\">\n<p><strong>DJELFA &#8211; Le nouveau pr\u00e9sident de la Cour de Djelfa, Abderrahmane Youcef, a \u00e9t\u00e9 install\u00e9, mardi en remplacement de Ouezane Abdelhamid, nomm\u00e9, \u00e0 son tour, au poste de pr\u00e9sident de la Cour d&rsquo;El Oued dans le cadre du mouvement op\u00e9r\u00e9 par le chef de l\u2019Etat, Abdelkader Bensalah dans le corps de la magistrature.<\/strong><\/p>\n<\/div>\n<div class=\"K2FeedFullText\">\n<p>La c\u00e9r\u00e9monie d&rsquo;installation qui s&rsquo;est d\u00e9roul\u00e9e au si\u00e8ge de la Cour, a \u00e9t\u00e9 pr\u00e9sid\u00e9e par le Procureur g\u00e9n\u00e9ral pr\u00e8s la Cour supr\u00eame, Abderrahim Madjid, en qualit\u00e9 de repr\u00e9sentant du ministre de la Justice, Garde des sceaux, en pr\u00e9sence des autorit\u00e9s locales civiles et militaires de la wilaya, de parlementaires, de citoyens, de cadres de ce corps et du b\u00e2tonnier r\u00e9gional.<\/p>\n<p>Au cours de cette c\u00e9r\u00e9monie, le Procureur g\u00e9n\u00e9ral pr\u00e8s la Cour supr\u00eame a \u00e9voqu\u00e9 la longue carri\u00e8re du nouveau pr\u00e9sident de la Cour de Djelfa dans le secteur de la justice, soulignant que \u00ab\u00a0ce dernier est l&rsquo;un des cadres comp\u00e9tents capables d&rsquo;insuffler une nouvelle dynamique au service de l&rsquo;accomplissement des devoirs assign\u00e9s aussi bien en termes de qualit\u00e9 que de quantit\u00e9\u00a0\u00bb.<\/p>\n<p>Saluant les efforts consentis par l&rsquo;ex-pr\u00e9sident de la Cours de Djelfa, mut\u00e9 \u00e0 El-Oued pour occuper le m\u00eame poste, M. Madjid a rappel\u00e9 que le nouveau pr\u00e9sident de la Cour a occup\u00e9 plusieurs postes dans de nombreux tribunaux \u00e0 travers le pays, dont le dernier a \u00e9t\u00e9 pr\u00e9sident du tribunal de Hussein Dey \u00e0 Alger.<\/p>\n<p>Le Procureur g\u00e9n\u00e9ral pr\u00e8s la Cour supr\u00eame a mis en avant, \u00e0 cette occasion, les orientations du ministre de la Justice, notamment \u00ab\u00a0la n\u00e9cessit\u00e9 d&rsquo;\u00eatre conscients de l&rsquo;ampleur des charges et nouvelles missions confi\u00e9es particuli\u00e8rement en cette \u00e9tape d\u00e9cisive que traverse notre pays, o\u00f9 la lutte contre la corruption sous toutes ses formes, le recouvrement des fonds d\u00e9tourn\u00e9s et la consolidation du syst\u00e8me d&rsquo;int\u00e9grit\u00e9 nationale constituent des priorit\u00e9s urgentes et des missions \u00e0 mener \u00e0 bien pour la reprise du processus de d\u00e9veloppement et la r\u00e9alisation de la prosp\u00e9rit\u00e9 pour les citoyens\u00a0\u00bb.<\/p>\n<p>\u00ab\u00a0Ce que nous nous attelons \u00e0 r\u00e9aliser \u00e0 l&rsquo;heure actuelle est une justice citoyenne, au sens large du terme, notamment une justice moderne respectant les normes de flexibilit\u00e9, de qualit\u00e9, de facilit\u00e9, de communication et de compl\u00e9mentarit\u00e9 positive avec l&rsquo;ensemble des institutions de l&rsquo;Etat et de ses acteurs\u00a0\u00bb, a-t-il indiqu\u00e9 au nom du ministre du secteur.<\/p>\n<\/div>\n<\/div>\n<p>Auteur:<br \/>\n<a href=\"http:\/\/www.aps.dz\/regions\/93415-installation-du-nouveau-president-de-la-cour-de-djelfa\">Cliquez ici pour lire l&rsquo;article depuis sa source.<\/a><\/p>\n","protected":false},"excerpt":{"rendered":"<p>DJELFA &#8211; Le nouveau pr\u00e9sident de la Cour de Djelfa, Abderrahmane Youcef, a \u00e9t\u00e9 install\u00e9, mardi en remplacement de Ouezane Abdelhamid, nomm\u00e9, \u00e0 son tour, au poste de pr\u00e9sident de la Cour d&rsquo;El Oued dans le cadre du mouvement op\u00e9r\u00e9 par le chef de l\u2019Etat, Abdelkader Bensalah dans le corps de la magistrature. La c\u00e9r\u00e9monie [&hellip;]<\/p>\n","protected":false},"author":1790,"featured_media":0,"comment_status":"closed","ping_status":"closed","sticky":false,"template":"","format":"standard","meta":{"fifu_image_url":"","fifu_image_alt":"","footnotes":""},"categories":[53,76],"tags":[],"class_list":["post-58675","post","type-post","status-publish","format-standard","hentry","category-algerie","category-regions"],"_links":{"self":[{"href":"https:\/\/linitiative.ca\/International\/wp-json\/wp\/v2\/posts\/58675","targetHints":{"allow":["GET"]}}],"collection":[{"href":"https:\/\/linitiative.ca\/International\/wp-json\/wp\/v2\/posts"}],"about":[{"href":"https:\/\/linitiative.ca\/International\/wp-json\/wp\/v2\/types\/post"}],"author":[{"embeddable":true,"href":"https:\/\/linitiative.ca\/International\/wp-json\/wp\/v2\/users\/1790"}],"replies":[{"embeddable":true,"href":"https:\/\/linitiative.ca\/International\/wp-json\/wp\/v2\/comments?post=58675"}],"version-history":[{"count":0,"href":"https:\/\/linitiative.ca\/International\/wp-json\/wp\/v2\/posts\/58675\/revisions"}],"wp:attachment":[{"href":"https:\/\/linitiative.ca\/International\/wp-json\/wp\/v2\/media?parent=58675"}],"wp:term":[{"taxonomy":"category","embeddable":true,"href":"https:\/\/linitiative.ca\/International\/wp-json\/wp\/v2\/categories?post=58675"},{"taxonomy":"post_tag","embeddable":true,"href":"https:\/\/linitiative.ca\/International\/wp-json\/wp\/v2\/tags?post=58675"}],"curies":[{"name":"wp","href":"https:\/\/api.w.org\/{rel}","templated":true}]}}