{"id":58733,"date":"2019-08-21T11:19:21","date_gmt":"2019-08-21T15:19:21","guid":{"rendered":"https:\/\/linitiative.ca\/International\/rabat-alsa-city-bus-assure-le-transport-a-la-capitale\/"},"modified":"2019-08-21T11:19:21","modified_gmt":"2019-08-21T15:19:21","slug":"rabat-alsa-city-bus-assure-le-transport-a-la-capitale","status":"publish","type":"post","link":"https:\/\/linitiative.ca\/International\/rabat-alsa-city-bus-assure-le-transport-a-la-capitale\/","title":{"rendered":"Rabat : Alsa-City bus assure le transport \u00e0 la capitale"},"content":{"rendered":"<p><strong>Apr\u00e8s avoir d\u00e9croch\u00e9 le contrat de gestion d\u00e9l\u00e9gu\u00e9e du transport urbain au niveau de Rabat-Sal\u00e9-T\u00e9mara, le groupement Alsa-City Bus a lanc\u00e9 ses activit\u00e9s mercredi \u00e0 Rabat.<\/strong><\/p>\n<div class=\"c10\"\/>\n<p>La compagnie de transport espagnole <strong>Alsa-City Bus<\/strong>, qui remplacera Stareo, mettra en service 150 autobus dans un premier temps, dans la perspective d\u2019atteindre 250 autobus d\u2019ici la fin du mois d\u2019ao\u00fbt, a-t-on indiqu\u00e9 aupr\u00e8s du groupement. Le tarif a \u00e9t\u00e9 fix\u00e9 \u00e0 cinq dirhams au cours des premi\u00e8res ann\u00e9es de l\u2019exploitation, pr\u00e9cise-t-on de m\u00eame source.<\/p>\n<p>Le nouveau parc devrait \u00eatre constitu\u00e9, au total, de 350 bus modernes dans l\u2019objectif de r\u00e9pondre aux attentes de la population de la capitale et son agglom\u00e9ration.<\/p>\n<p>Conformes aux normes techniques et de qualit\u00e9 en vigueur, les nouveaux autobus de derni\u00e8re g\u00e9n\u00e9ration sont \u00e9quip\u00e9s notamment de wifi et de billetterie \u00e9lectronique de m\u00eame qu\u2019ils sont accessibles pour les personnes \u00e0 besoins sp\u00e9cifiques.<\/p>\n<p>Lire aussi : <a href=\"https:\/\/www.challenge.ma\/tanger-opte-enfin-pour-lespagnol-alsa-11449\/\">Tanger opte enfin pour l\u2019espagnol Alsa\u2026<\/a><\/p>\n<p>La mise en service de la nouvelle flotte de bus s\u2019inscrit dans la mise en \u0153uvre d\u2019un accord conclu dans le cadre de l\u2019Etablissemet de coop\u00e9ration intercommunale \u00ab\u00a0Al-Assima\u00a0\u00bb qui regroupe les conseils communaux de Rabat, Sal\u00e9, T\u00e9mara et Skhirat.L\u2019accord porte sur l\u2019adoption d\u2019un nouveau syst\u00e8me de gestion d\u00e9l\u00e9gu\u00e9e du secteur des transports en commun ainsi que la gestion de la p\u00e9riode transitoire.<\/p>\n<p>S\u2019\u00e9tendant sur 1084 KM, le r\u00e9seau de transport de l\u2019agglom\u00e9ration de Rabat-Sal\u00e9-Temara compte 58 lignes, pour un nombre total d\u2019usagers estim\u00e9 \u00e0 plus de 60 millions chaque ann\u00e9e.<\/p>\n<p><strong>ALSA\u00a0(Autom\u00f3viles\u00a0Luarca SA)<\/strong>\u00a0est l\u2019op\u00e9rateur leader dans le secteur du transport de voyageurs en Espagne. Avec plus de 100 ans d\u2019exp\u00e9rience et une vocation d\u2019innovation continue, ALSA est int\u00e9gr\u00e9e dans le groupe National Express qui est un op\u00e9rateur de transport public international par autobus, autocars et chemins de fer pr\u00e9sent au Royaume Unis, Europe Continental, Am\u00e9rique du Nord, au Maroc et au Moyen Orient.<\/p>\n<div class=\"c17\">\n<fieldset class=\"c16\">\n<legend><strong><span class=\"c11\">Challenge<\/span><span class=\"c12\">news<\/span><\/strong><\/legend>\n<div class=\"c15\">Le meilleur de la r\u00e9daction s\u00e9lectionn\u00e9 par Challenge :<\/p>\n<\/div>\n<\/fieldset>\n<\/div>\n<p>Auteur: Hassan Manyani<br \/>\n<a href=\"https:\/\/www.challenge.ma\/rabat-alsa-city-bus-assure-le-transport-a-la-capitale-115790\/\">Cliquez ici pour lire l&rsquo;article depuis sa source.<\/a><\/p>\n","protected":false},"excerpt":{"rendered":"<p>Apr\u00e8s avoir d\u00e9croch\u00e9 le contrat de gestion d\u00e9l\u00e9gu\u00e9e du transport urbain au niveau de Rabat-Sal\u00e9-T\u00e9mara, le groupement Alsa-City Bus a lanc\u00e9 ses activit\u00e9s mercredi \u00e0 Rabat. La compagnie de transport espagnole Alsa-City Bus, qui remplacera Stareo, mettra en service 150 autobus dans un premier temps, dans la perspective d\u2019atteindre 250 autobus d\u2019ici la fin du [&hellip;]<\/p>\n","protected":false},"author":1787,"featured_media":0,"comment_status":"closed","ping_status":"closed","sticky":false,"template":"","format":"standard","meta":{"fifu_image_url":"","fifu_image_alt":"","footnotes":""},"categories":[78,54],"tags":[],"class_list":["post-58733","post","type-post","status-publish","format-standard","hentry","category-economie","category-maroc"],"_links":{"self":[{"href":"https:\/\/linitiative.ca\/International\/wp-json\/wp\/v2\/posts\/58733","targetHints":{"allow":["GET"]}}],"collection":[{"href":"https:\/\/linitiative.ca\/International\/wp-json\/wp\/v2\/posts"}],"about":[{"href":"https:\/\/linitiative.ca\/International\/wp-json\/wp\/v2\/types\/post"}],"author":[{"embeddable":true,"href":"https:\/\/linitiative.ca\/International\/wp-json\/wp\/v2\/users\/1787"}],"replies":[{"embeddable":true,"href":"https:\/\/linitiative.ca\/International\/wp-json\/wp\/v2\/comments?post=58733"}],"version-history":[{"count":0,"href":"https:\/\/linitiative.ca\/International\/wp-json\/wp\/v2\/posts\/58733\/revisions"}],"wp:attachment":[{"href":"https:\/\/linitiative.ca\/International\/wp-json\/wp\/v2\/media?parent=58733"}],"wp:term":[{"taxonomy":"category","embeddable":true,"href":"https:\/\/linitiative.ca\/International\/wp-json\/wp\/v2\/categories?post=58733"},{"taxonomy":"post_tag","embeddable":true,"href":"https:\/\/linitiative.ca\/International\/wp-json\/wp\/v2\/tags?post=58733"}],"curies":[{"name":"wp","href":"https:\/\/api.w.org\/{rel}","templated":true}]}}