{"id":58765,"date":"2019-08-21T13:15:09","date_gmt":"2019-08-21T17:15:09","guid":{"rendered":"https:\/\/linitiative.ca\/International\/qui-est-nkou-jean-pascal-le-nouveau-dg-de-arsel\/"},"modified":"2019-08-21T13:15:09","modified_gmt":"2019-08-21T17:15:09","slug":"qui-est-nkou-jean-pascal-le-nouveau-dg-de-arsel","status":"publish","type":"post","link":"https:\/\/linitiative.ca\/International\/qui-est-nkou-jean-pascal-le-nouveau-dg-de-arsel\/","title":{"rendered":"Qui est Nkou Jean Pascal, le nouveau DG de Arsel"},"content":{"rendered":"<div class=\"featured-area featured-area-inner\"><img loading=\"lazy\" decoding=\"async\" width=\"756\" height=\"405\" src=\"https:\/\/i2.wp.com\/ecomatin.net\/wp-content\/uploads\/2019\/08\/ecomatin.net-qui-est-nkou-jean-pascal-le-nouveau-dg-de-arsel-img-20190821-wa0115.jpg?resize=756%2C405&#038;ssl=1&#038;is-pending-load=1\" class=\"attachment-jannah-image-post size-jannah-image-post wp-post-image jetpack-lazy-image\" alt=\"\" data-attachment-id=\"10701\" data-permalink=\"https:\/\/ecomatin.net\/qui-est-nkou-jean-pascal-le-nouveau-dg-de-arsel\/img-20190821-wa0115\/\" data-orig-file=\"https:\/\/i2.wp.com\/ecomatin.net\/wp-content\/uploads\/2019\/08\/ecomatin.net-qui-est-nkou-jean-pascal-le-nouveau-dg-de-arsel-img-20190821-wa0115.jpg?fit=756%2C1008&#038;ssl=1\" data-orig-size=\"756,1008\" data-comments-opened=\"0\" data-image-meta=\"{\"aperture\":\"0\",\"credit\":\"\",\"camera\":\"\",\"caption\":\"\",\"created_timestamp\":\"0\",\"copyright\":\"\",\"focal_length\":\"0\",\"iso\":\"0\",\"shutter_speed\":\"0\",\"title\":\"\",\"orientation\":\"0\"}\" data-image-title=\"IMG-20190821-WA0115\" data-image-description=\"\" data-medium-file=\"https:\/\/i2.wp.com\/ecomatin.net\/wp-content\/uploads\/2019\/08\/ecomatin.net-qui-est-nkou-jean-pascal-le-nouveau-dg-de-arsel-img-20190821-wa0115.jpg?fit=225%2C300&#038;ssl=1\" data-large-file=\"https:\/\/i2.wp.com\/ecomatin.net\/wp-content\/uploads\/2019\/08\/ecomatin.net-qui-est-nkou-jean-pascal-le-nouveau-dg-de-arsel-img-20190821-wa0115.jpg?fit=756%2C1008&#038;ssl=1\" srcset=\"data:image\/gif;base64,R0lGODlhAQABAIAAAAAAAP\/\/\/yH5BAEAAAAALAAAAAABAAEAAAIBRAA7\"\/><\/div>\n<div class=\"entry-content entry clearfix\" readability=\"44\">\n<p>Par d\u00e9cret sign\u00e9 du Pr\u00e9sident de la R\u00e9publique, Monsieur <strong>Nkou Jean Pascal<\/strong> a \u00e9t\u00e9 nomm\u00e9 ce jour Directeur G\u00e9n\u00e9ral de l\u2019agence de r\u00e9gulation du secteur de l\u2019\u00e9lectricit\u00e9 (Arsel).<\/p>\n<p>Selon les premi\u00e8res informations parvenues \u00e0 EcoMatin, l\u2019heureux promu travaillait jusqu\u2019ici au Minist\u00e8re de l\u2019\u00e9conomie de la planification et de l\u2019am\u00e9nagement du territoire (Minepat) o\u00f9 il occupait le poste de chef de Division des analyses et politiques \u00e9conomiques.<\/p>\n<p>La cinquantaine pass\u00e9e, il remplace \u00e0 ce poste <strong>Jean Pierre Keedi<\/strong>.<\/p>\n<p>Nous reviendrons \u00e0 cette nomination dans les prochaines heures<\/p>\n<div class=\"about-author about-author-box container-wrapper\">\n<div class=\"author-avatar\">\n<p><img decoding=\"async\" src=\"http:\/\/\" alt=\"\"\/><\/p>\n<\/div>\n<p><h4>La R\u00e9daction EcoMatin<\/h4>\n<\/p>\n<\/div>\n<div class=\"awac-wrapper awac widget blog_subscription-2\">\n<h4 class=\"widget-title\">Abonnez-vous \u00e0 notre lettre d&rsquo;information<\/h4>\n<\/div>\n<\/div>\n<div class=\"toggle-post-content clearfix\"><a id=\"toggle-post-button\" class=\"button\" href=\"#\">Afficher plus <\/a><\/div>\n<p>Auteur: EcoMatin<br \/>\n<a href=\"https:\/\/ecomatin.net\/qui-est-nkou-jean-pascal-le-nouveau-dg-de-arsel\/\">Cliquez ici pour lire l&rsquo;article depuis sa source.<\/a><\/p>\n","protected":false},"excerpt":{"rendered":"<p>Par d\u00e9cret sign\u00e9 du Pr\u00e9sident de la R\u00e9publique, Monsieur Nkou Jean Pascal a \u00e9t\u00e9 nomm\u00e9 ce jour Directeur G\u00e9n\u00e9ral de l\u2019agence de r\u00e9gulation du secteur de l\u2019\u00e9lectricit\u00e9 (Arsel). Selon les premi\u00e8res informations parvenues \u00e0 EcoMatin, l\u2019heureux promu travaillait jusqu\u2019ici au Minist\u00e8re de l\u2019\u00e9conomie de la planification et de l\u2019am\u00e9nagement du territoire (Minepat) o\u00f9 il occupait [&hellip;]<\/p>\n","protected":false},"author":1969,"featured_media":0,"comment_status":"closed","ping_status":"closed","sticky":false,"template":"","format":"standard","meta":{"fifu_image_url":"","fifu_image_alt":"","footnotes":""},"categories":[82,78],"tags":[],"class_list":["post-58765","post","type-post","status-publish","format-standard","hentry","category-cameroun","category-economie"],"_links":{"self":[{"href":"https:\/\/linitiative.ca\/International\/wp-json\/wp\/v2\/posts\/58765","targetHints":{"allow":["GET"]}}],"collection":[{"href":"https:\/\/linitiative.ca\/International\/wp-json\/wp\/v2\/posts"}],"about":[{"href":"https:\/\/linitiative.ca\/International\/wp-json\/wp\/v2\/types\/post"}],"author":[{"embeddable":true,"href":"https:\/\/linitiative.ca\/International\/wp-json\/wp\/v2\/users\/1969"}],"replies":[{"embeddable":true,"href":"https:\/\/linitiative.ca\/International\/wp-json\/wp\/v2\/comments?post=58765"}],"version-history":[{"count":0,"href":"https:\/\/linitiative.ca\/International\/wp-json\/wp\/v2\/posts\/58765\/revisions"}],"wp:attachment":[{"href":"https:\/\/linitiative.ca\/International\/wp-json\/wp\/v2\/media?parent=58765"}],"wp:term":[{"taxonomy":"category","embeddable":true,"href":"https:\/\/linitiative.ca\/International\/wp-json\/wp\/v2\/categories?post=58765"},{"taxonomy":"post_tag","embeddable":true,"href":"https:\/\/linitiative.ca\/International\/wp-json\/wp\/v2\/tags?post=58765"}],"curies":[{"name":"wp","href":"https:\/\/api.w.org\/{rel}","templated":true}]}}