{"id":58773,"date":"2019-08-22T03:35:57","date_gmt":"2019-08-22T07:35:57","guid":{"rendered":"https:\/\/linitiative.ca\/International\/degats-des-intemperies-a-tozeur-vers-le-versement-des-indemnites-aux-agriculteurs\/"},"modified":"2019-08-22T03:35:57","modified_gmt":"2019-08-22T07:35:57","slug":"degats-des-intemperies-a-tozeur-vers-le-versement-des-indemnites-aux-agriculteurs","status":"publish","type":"post","link":"https:\/\/linitiative.ca\/International\/degats-des-intemperies-a-tozeur-vers-le-versement-des-indemnites-aux-agriculteurs\/","title":{"rendered":"D\u00e9g\u00e2ts des intemp\u00e9ries \u00e0 Tozeur :  Vers le versement des indemnit\u00e9s aux agriculteurs"},"content":{"rendered":"<p>Un montant de 390 mille dinars sera vers\u00e9, dans les prochains jours, au profit de 186 agriculteurs \u00e0 Tozeur, au titre de d\u00e9dommagement des d\u00e9g\u00e2ts caus\u00e9s durant les trois derni\u00e8res saisons agricoles, selon Imed Zoghdadi, chef de service au Commissariat r\u00e9gional au d\u00e9veloppement agricole \u00e0 Tozeur.<\/p>\n<p>Parmi ces d\u00e9g\u00e2ts, des vents forts soufflant en avril 2018 ayant occasionn\u00e9 des dommages au niveau de terres agricoles de 59 agriculteurs.<\/p>\n<p>Il s\u2019agit \u00e9galement des d\u00e9g\u00e2ts caus\u00e9s au niveau de 13 exploitations agricoles dans les d\u00e9l\u00e9gations d\u2019El Hamma 1 et 2 \u00e0 cause de forte salinit\u00e9 des eaux des puits profonds qui alimentaient ces terres.<\/p>\n<p>Par ailleurs, des coupures d\u2019eau d\u2019irrigation ont endommag\u00e9 109 terres agricoles \u00e0 Degu\u00e9che.<\/p>\n<p class=\"dpsp-share-text\">Partager c&rsquo;est aimer!<\/p>\n<div class=\"wp-post-author-wrap wp-post-author-shortcode left\">\n<h3 class=\"awpa-title\"\/>\n<div class=\"wp-post-author\">\n<div class=\"awpa-img awpa-author-block square\"><a href=\"http:\/\/lexpertjournal.net\/fr\/author\/expert\/\"><img loading=\"lazy\" decoding=\"async\" alt=\"\" src=\"http:\/\/2.gravatar.com\/avatar\/56d99be2a6f97af88ccb49fada637fcd?s=150&#038;d=mm&#038;r=g\" srcset=\"http:\/\/2.gravatar.com\/avatar\/56d99be2a6f97af88ccb49fada637fcd?s=300&#038;d=mm&#038;r=g 2x\" class=\"avatar avatar-150 photo\" height=\"150\" width=\"150\"\/><\/a><\/div>\n<\/div>\n<\/div>\n<p>Auteur: L&rsquo;expert<br \/>\n<a href=\"http:\/\/lexpertjournal.net\/fr\/2019\/08\/22\/degats-des-intemperies-a-tozeur-vers-le-versement-des-indemnites-aux-agriculteurs\/\">Cliquez ici pour lire l&rsquo;article depuis sa source.<\/a><\/p>\n","protected":false},"excerpt":{"rendered":"<p>Un montant de 390 mille dinars sera vers\u00e9, dans les prochains jours, au profit de 186 agriculteurs \u00e0 Tozeur, au titre de d\u00e9dommagement des d\u00e9g\u00e2ts caus\u00e9s durant les trois derni\u00e8res saisons agricoles, selon Imed Zoghdadi, chef de service au Commissariat r\u00e9gional au d\u00e9veloppement agricole \u00e0 Tozeur. Parmi ces d\u00e9g\u00e2ts, des vents forts soufflant en avril [&hellip;]<\/p>\n","protected":false},"author":1775,"featured_media":0,"comment_status":"closed","ping_status":"closed","sticky":false,"template":"","format":"standard","meta":{"fifu_image_url":"","fifu_image_alt":"","footnotes":""},"categories":[78,55],"tags":[],"class_list":["post-58773","post","type-post","status-publish","format-standard","hentry","category-economie","category-tunisie"],"_links":{"self":[{"href":"https:\/\/linitiative.ca\/International\/wp-json\/wp\/v2\/posts\/58773","targetHints":{"allow":["GET"]}}],"collection":[{"href":"https:\/\/linitiative.ca\/International\/wp-json\/wp\/v2\/posts"}],"about":[{"href":"https:\/\/linitiative.ca\/International\/wp-json\/wp\/v2\/types\/post"}],"author":[{"embeddable":true,"href":"https:\/\/linitiative.ca\/International\/wp-json\/wp\/v2\/users\/1775"}],"replies":[{"embeddable":true,"href":"https:\/\/linitiative.ca\/International\/wp-json\/wp\/v2\/comments?post=58773"}],"version-history":[{"count":0,"href":"https:\/\/linitiative.ca\/International\/wp-json\/wp\/v2\/posts\/58773\/revisions"}],"wp:attachment":[{"href":"https:\/\/linitiative.ca\/International\/wp-json\/wp\/v2\/media?parent=58773"}],"wp:term":[{"taxonomy":"category","embeddable":true,"href":"https:\/\/linitiative.ca\/International\/wp-json\/wp\/v2\/categories?post=58773"},{"taxonomy":"post_tag","embeddable":true,"href":"https:\/\/linitiative.ca\/International\/wp-json\/wp\/v2\/tags?post=58773"}],"curies":[{"name":"wp","href":"https:\/\/api.w.org\/{rel}","templated":true}]}}