{"id":58775,"date":"2019-08-22T03:42:30","date_gmt":"2019-08-22T07:42:30","guid":{"rendered":"https:\/\/linitiative.ca\/International\/coupures-deau-a-repetition-la-vetuste-des-reseaux-de-distribution-mis-en-cause\/"},"modified":"2019-08-22T03:42:30","modified_gmt":"2019-08-22T07:42:30","slug":"coupures-deau-a-repetition-la-vetuste-des-reseaux-de-distribution-mis-en-cause","status":"publish","type":"post","link":"https:\/\/linitiative.ca\/International\/coupures-deau-a-repetition-la-vetuste-des-reseaux-de-distribution-mis-en-cause\/","title":{"rendered":"Coupures d\u2019eau \u00e0 r\u00e9p\u00e9tition : La v\u00e9tust\u00e9 des r\u00e9seaux de distribution mis en cause"},"content":{"rendered":"<p>La v\u00e9tust\u00e9 des r\u00e9seaux de distribution de l\u2019eau potable et d\u2019irrigation est \u00e0 l\u2019origine des coupures fr\u00e9quentes et successives de l\u2019eau, a indiqu\u00e9 mercredi, le coordinateur g\u00e9n\u00e9ral de l\u2019Observatoire Tunisien de l\u2019Eau, Alaa Marzouki.<\/p>\n<p>La d\u00e9t\u00e9rioration de ces r\u00e9seaux a entra\u00een\u00e9 la perte de 25 \u00e0 30% de quantit\u00e9s d\u2019eau distribu\u00e9es, a-t-il ajout\u00e9, soulignant que le minist\u00e8re de l\u2019Agriculture a charg\u00e9 la Soci\u00e9t\u00e9 nationale d\u2019exploitation et de distribution des eaux (SONEDE) de renouveler ses infrastructures, en mobilisant ses propres ressources, ce qui n\u2019est pas envisageable, en raison des difficult\u00e9s financi\u00e8res de la soci\u00e9t\u00e9.<\/p>\n<p>D\u2019apr\u00e8s lui, le financement demeure le principal obstacle que rencontre la SONEDE, outre les probl\u00e9matiques li\u00e9es \u00e0 l\u2019absence d\u2019une strat\u00e9gie nationale \u00ab clairvoyante \u00bb de gestion des ressources hydriques.<\/p>\n<p>Marzouki a, par ailleurs, critiqu\u00e9 la volont\u00e9 de l\u2019autorit\u00e9 de tutelle de mener des projets de centrales de dessalement alors que, selon lui, les nouvelles ressources en eau seront inject\u00e9es dans des r\u00e9seaux v\u00e9tustes.<\/p>\n<p>Le gouvernement est appel\u00e9 \u00e0 mobiliser les ressources n\u00e9cessaires, dans le cadre de ses plans de d\u00e9veloppement, afin de moderniser les infrastructures de la SONEDE.<\/p>\n<p>Le coordinateur g\u00e9n\u00e9ral de l\u2019observatoire a \u00e9voqu\u00e9 l\u2019aspect l\u00e9gislatif, appelant \u00e0 la n\u00e9cessit\u00e9 de citer dans le nouveau projet du code des eaux, le droit \u00e0 l\u2019eau potable comme droit constitutionnel et \u00e0 ne pas se limiter au droit \u00e0 l\u2019eau.<\/p>\n<p>Il a critiqu\u00e9 le rapport de la commission d\u2019\u00e9valuation de la gestion de l\u2019eau potable laquelle rel\u00e8ve du minist\u00e8re de l\u2019agriculture, sur l\u2019approvisionnement en eau au cours des jours de l\u2019Aid El Idha, qualifiant ce rapport d&rsquo; \u00bbinsuffisant \u00bb.<\/p>\n<p>L\u2019observatoire a aussi, \u00e9voqu\u00e9 la n\u00e9cessit\u00e9 de mettre au clair la question du partenariat entre les secteurs public et priv\u00e9 en ce qui concerne l\u2019investissement dans le secteur des ressources hydriques, critiquant \u00e0 cet effet, le d\u00e9partement de tutelle qui n\u2019a pas fait participer l\u2019observatoire dans l\u2019\u00e9laboration du nouveau projet du code des eaux.<\/p>\n<p>\u00ab L\u2019observatoire est en train d\u2019\u00e9laborer le projet du code des eaux lequel sera fin pr\u00eat en octobre 2019 et sera soumis \u00e0 l\u2019ARP \u00bb.<\/p>\n<p class=\"dpsp-share-text\">Partager c&rsquo;est aimer!<\/p>\n<div class=\"wp-post-author-wrap wp-post-author-shortcode left\">\n<h3 class=\"awpa-title\"\/>\n<div class=\"wp-post-author\">\n<div class=\"awpa-img awpa-author-block square\"><a href=\"http:\/\/lexpertjournal.net\/fr\/author\/expert\/\"><img loading=\"lazy\" decoding=\"async\" alt=\"\" src=\"http:\/\/2.gravatar.com\/avatar\/56d99be2a6f97af88ccb49fada637fcd?s=150&#038;d=mm&#038;r=g\" srcset=\"http:\/\/2.gravatar.com\/avatar\/56d99be2a6f97af88ccb49fada637fcd?s=300&#038;d=mm&#038;r=g 2x\" class=\"avatar avatar-150 photo\" height=\"150\" width=\"150\"\/><\/a><\/div>\n<\/div>\n<\/div>\n<p>Auteur: L&rsquo;expert<br \/>\n<a href=\"http:\/\/lexpertjournal.net\/fr\/2019\/08\/22\/coupures-deau-a-repetition-la-vetuste-des-reseaux-de-distribution-mis-en-cause\/\">Cliquez ici pour lire l&rsquo;article depuis sa source.<\/a><\/p>\n","protected":false},"excerpt":{"rendered":"<p>La v\u00e9tust\u00e9 des r\u00e9seaux de distribution de l\u2019eau potable et d\u2019irrigation est \u00e0 l\u2019origine des coupures fr\u00e9quentes et successives de l\u2019eau, a indiqu\u00e9 mercredi, le coordinateur g\u00e9n\u00e9ral de l\u2019Observatoire Tunisien de l\u2019Eau, Alaa Marzouki. La d\u00e9t\u00e9rioration de ces r\u00e9seaux a entra\u00een\u00e9 la perte de 25 \u00e0 30% de quantit\u00e9s d\u2019eau distribu\u00e9es, a-t-il ajout\u00e9, soulignant que [&hellip;]<\/p>\n","protected":false},"author":1775,"featured_media":0,"comment_status":"closed","ping_status":"closed","sticky":false,"template":"","format":"standard","meta":{"fifu_image_url":"","fifu_image_alt":"","footnotes":""},"categories":[78,55],"tags":[],"class_list":["post-58775","post","type-post","status-publish","format-standard","hentry","category-economie","category-tunisie"],"_links":{"self":[{"href":"https:\/\/linitiative.ca\/International\/wp-json\/wp\/v2\/posts\/58775","targetHints":{"allow":["GET"]}}],"collection":[{"href":"https:\/\/linitiative.ca\/International\/wp-json\/wp\/v2\/posts"}],"about":[{"href":"https:\/\/linitiative.ca\/International\/wp-json\/wp\/v2\/types\/post"}],"author":[{"embeddable":true,"href":"https:\/\/linitiative.ca\/International\/wp-json\/wp\/v2\/users\/1775"}],"replies":[{"embeddable":true,"href":"https:\/\/linitiative.ca\/International\/wp-json\/wp\/v2\/comments?post=58775"}],"version-history":[{"count":0,"href":"https:\/\/linitiative.ca\/International\/wp-json\/wp\/v2\/posts\/58775\/revisions"}],"wp:attachment":[{"href":"https:\/\/linitiative.ca\/International\/wp-json\/wp\/v2\/media?parent=58775"}],"wp:term":[{"taxonomy":"category","embeddable":true,"href":"https:\/\/linitiative.ca\/International\/wp-json\/wp\/v2\/categories?post=58775"},{"taxonomy":"post_tag","embeddable":true,"href":"https:\/\/linitiative.ca\/International\/wp-json\/wp\/v2\/tags?post=58775"}],"curies":[{"name":"wp","href":"https:\/\/api.w.org\/{rel}","templated":true}]}}