{"id":58776,"date":"2019-08-22T06:06:30","date_gmt":"2019-08-22T10:06:30","guid":{"rendered":"https:\/\/linitiative.ca\/International\/lg-et-lumi-sassocient-pour-un-ecosysteme-domestique-plus-intelligent\/"},"modified":"2019-08-22T06:06:30","modified_gmt":"2019-08-22T10:06:30","slug":"lg-et-lumi-sassocient-pour-un-ecosysteme-domestique-plus-intelligent","status":"publish","type":"post","link":"https:\/\/linitiative.ca\/International\/lg-et-lumi-sassocient-pour-un-ecosysteme-domestique-plus-intelligent\/","title":{"rendered":"LG et LUMI s\u2019associent pour un \u00e9cosyst\u00e8me domestique plus intelligent"},"content":{"rendered":"<p>LG Electronics\u00a0(LG) et\u00a0LUMI\u00a0United Technology, un fournisseur de solutions pour la maison intelligente, travaillent ensemble pour d\u00e9velopper un \u00e9cosyst\u00e8me qui va au-del\u00e0 de la gestion de base des appareils.<\/p>\n<p>Ensemble, ils veulent offrir une solution d\u2019IoT plus compl\u00e8te pour chaque maison. La collaboration se concentrera sur le d\u00e9veloppement d\u2019innovations utilisant l\u2019intelligence artificielle et des capteurs avanc\u00e9s qui peuvent d\u00e9tecter les changements dans les environnements int\u00e9rieurs tels que les alt\u00e9rations de l\u2019humidit\u00e9, les fluctuations de temp\u00e9rature et les mouvements des portes et des fen\u00eatres.<\/p>\n<ul class=\"wp-block-gallery columns-1 is-cropped\">\n<li class=\"blocks-gallery-item\"><img decoding=\"async\" src=\"http:\/\/lexpertjournal.net\/fr\/wp-content\/uploads\/sites\/2\/2019\/08\/Aqara-sensor-1024x481.jpg\" alt=\"\" data-id=\"9244\" data-link=\"http:\/\/lexpertjournal.net\/fr\/?attachment_id=9244\" class=\"wp-image-9244\" srcset=\"http:\/\/lexpertjournal.net\/fr\/wp-content\/uploads\/sites\/2\/2019\/08\/Aqara-sensor-1024x481.jpg 1024w, http:\/\/lexpertjournal.net\/fr\/wp-content\/uploads\/sites\/2\/2019\/08\/Aqara-sensor-300x141.jpg 300w, http:\/\/lexpertjournal.net\/fr\/wp-content\/uploads\/sites\/2\/2019\/08\/Aqara-sensor-768x361.jpg 768w\" sizes=\"(max-width: 1024px) 100vw, 1024px\"\/><\/li>\n<\/ul>\n<p>Les marques donnent l\u2019exemple du capteur Aqara de Lumi qui sera compatible avec un climatiseur LG afin d\u2019\u00e9conomiser de l\u2019\u00e9nergie et d\u2019augmenter le confort de la maison. L\u2019appareil de LG pourra r\u00e9gler les temp\u00e9ratures automatiquement en fonction des donn\u00e9es collect\u00e9es par le capteur. De plus, si une fen\u00eatre est ouverte pendant que le climatiseur est en fonction, l\u2019utilisateur recevra une notification pour l\u2019en informer.<\/p>\n<p>LG et Lumi d\u00e9voileront leurs nouveaux services \u00e0 l\u2019IFA de Berlin, d\u00e9but septembre. Les deux constructeurs ont d\u2019ores et d\u00e9j\u00e0 annonc\u00e9 que les visiteurs pourront y voir un d\u00e9shumidificateur d\u2019air LG \u2014 sans pr\u00e9ciser le mod\u00e8le \u2014 utilisant la technologie de Lumi afin de maintenir des v\u00eatements dans des conditions optimales de conservation.<\/p>\n<ul class=\"wp-block-gallery columns-1 is-cropped\">\n<li class=\"blocks-gallery-item\"><img decoding=\"async\" src=\"http:\/\/lexpertjournal.net\/fr\/wp-content\/uploads\/sites\/2\/2019\/08\/LED-Light-Bulb-1024x1024.jpg\" alt=\"\" data-id=\"9245\" data-link=\"http:\/\/lexpertjournal.net\/fr\/?attachment_id=9245\" class=\"wp-image-9245\" srcset=\"http:\/\/lexpertjournal.net\/fr\/wp-content\/uploads\/sites\/2\/2019\/08\/LED-Light-Bulb-1024x1024.jpg 1024w, http:\/\/lexpertjournal.net\/fr\/wp-content\/uploads\/sites\/2\/2019\/08\/LED-Light-Bulb-150x150.jpg 150w, http:\/\/lexpertjournal.net\/fr\/wp-content\/uploads\/sites\/2\/2019\/08\/LED-Light-Bulb-300x300.jpg 300w, http:\/\/lexpertjournal.net\/fr\/wp-content\/uploads\/sites\/2\/2019\/08\/LED-Light-Bulb-768x768.jpg 768w\" sizes=\"(max-width: 1024px) 100vw, 1024px\"\/><\/li>\n<\/ul>\n<p class=\"dpsp-share-text\">Partager c&rsquo;est aimer!<\/p>\n<div class=\"wp-post-author-wrap wp-post-author-shortcode left\">\n<h3 class=\"awpa-title\"\/>\n<div class=\"wp-post-author\">\n<div class=\"awpa-img awpa-author-block square\"><a href=\"http:\/\/lexpertjournal.net\/fr\/author\/expert\/\"><img loading=\"lazy\" decoding=\"async\" alt=\"\" src=\"http:\/\/2.gravatar.com\/avatar\/56d99be2a6f97af88ccb49fada637fcd?s=150&#038;d=mm&#038;r=g\" srcset=\"http:\/\/2.gravatar.com\/avatar\/56d99be2a6f97af88ccb49fada637fcd?s=300&#038;d=mm&#038;r=g 2x\" class=\"avatar avatar-150 photo\" height=\"150\" width=\"150\"\/><\/a><\/div>\n<\/div>\n<\/div>\n<p>Auteur: L&rsquo;expert<br \/>\n<a href=\"http:\/\/lexpertjournal.net\/fr\/2019\/08\/22\/lg-et-lumi-sassocient-pour-un-ecosysteme-domestique-plus-intelligent\/\">Cliquez ici pour lire l&rsquo;article depuis sa source.<\/a><\/p>\n","protected":false},"excerpt":{"rendered":"<p>LG Electronics\u00a0(LG) et\u00a0LUMI\u00a0United Technology, un fournisseur de solutions pour la maison intelligente, travaillent ensemble pour d\u00e9velopper un \u00e9cosyst\u00e8me qui va au-del\u00e0 de la gestion de base des appareils. Ensemble, ils veulent offrir une solution d\u2019IoT plus compl\u00e8te pour chaque maison. La collaboration se concentrera sur le d\u00e9veloppement d\u2019innovations utilisant l\u2019intelligence artificielle et des capteurs avanc\u00e9s [&hellip;]<\/p>\n","protected":false},"author":1775,"featured_media":58777,"comment_status":"closed","ping_status":"closed","sticky":false,"template":"","format":"standard","meta":{"fifu_image_url":"","fifu_image_alt":"","footnotes":""},"categories":[78,55],"tags":[],"class_list":["post-58776","post","type-post","status-publish","format-standard","has-post-thumbnail","hentry","category-economie","category-tunisie"],"_links":{"self":[{"href":"https:\/\/linitiative.ca\/International\/wp-json\/wp\/v2\/posts\/58776","targetHints":{"allow":["GET"]}}],"collection":[{"href":"https:\/\/linitiative.ca\/International\/wp-json\/wp\/v2\/posts"}],"about":[{"href":"https:\/\/linitiative.ca\/International\/wp-json\/wp\/v2\/types\/post"}],"author":[{"embeddable":true,"href":"https:\/\/linitiative.ca\/International\/wp-json\/wp\/v2\/users\/1775"}],"replies":[{"embeddable":true,"href":"https:\/\/linitiative.ca\/International\/wp-json\/wp\/v2\/comments?post=58776"}],"version-history":[{"count":0,"href":"https:\/\/linitiative.ca\/International\/wp-json\/wp\/v2\/posts\/58776\/revisions"}],"wp:featuredmedia":[{"embeddable":true,"href":"https:\/\/linitiative.ca\/International\/wp-json\/"}],"wp:attachment":[{"href":"https:\/\/linitiative.ca\/International\/wp-json\/wp\/v2\/media?parent=58776"}],"wp:term":[{"taxonomy":"category","embeddable":true,"href":"https:\/\/linitiative.ca\/International\/wp-json\/wp\/v2\/categories?post=58776"},{"taxonomy":"post_tag","embeddable":true,"href":"https:\/\/linitiative.ca\/International\/wp-json\/wp\/v2\/tags?post=58776"}],"curies":[{"name":"wp","href":"https:\/\/api.w.org\/{rel}","templated":true}]}}