{"id":58781,"date":"2019-08-22T06:00:00","date_gmt":"2019-08-22T10:00:00","guid":{"rendered":"https:\/\/linitiative.ca\/International\/le-p-dg-du-groupe-madar-tient-a-allik\/"},"modified":"2019-08-22T06:00:00","modified_gmt":"2019-08-22T10:00:00","slug":"le-p-dg-du-groupe-madar-tient-a-allik","status":"publish","type":"post","link":"https:\/\/linitiative.ca\/International\/le-p-dg-du-groupe-madar-tient-a-allik\/","title":{"rendered":"Le P-DG du groupe Madar tient \u00e0 Allik"},"content":{"rendered":"<div id=\"originalText\" readability=\"47\">\n<p>En raison du fait que le P-DG du groupe Madar, Charef- Eddine Amara se trouve actuellement \u00e0 l\u2019\u00e9tranger, une r\u00e9union de la direction du CRB\u00a0 par vid\u00e9o conf\u00e9rence a eu lieu mardi soir.\u00a0<\/p>\n<p>Selon une source digne de foi, la r\u00e9union a \u00e9t\u00e9 marqu\u00e9e par l\u2019intervention du directeur g\u00e9n\u00e9ral, Said Allik qui a fortement charg\u00e9 Charef-Eddine Amara. \u201cJe ne peux plus travailler dans des conditions similaires. Les pr\u00e9rogatives ne sont pas clairement d\u00e9finies et il y a une vell\u00e9it\u00e9 de sabotage du club avec cette histoire de\u00a0 ramasseurs de balles. C\u2019est insens\u00e9. Vous devez intervenir pour mettre le hol\u00e0 et clarifier les choses, les missions des uns et des autres. Vous \u00eates grandement responsable de ce cafouillage. Je vous annonce donc que je suis partant de mon poste\u201d, a martel\u00e9 Allik, avant de quitter la salle de r\u00e9unions. Il a repris cependant sa place suite \u00e0 l\u2019intervention de certains cadres et de\u00a0 Charef-Eddine Amara qui a insist\u00e9 pour que Allik soit maintenu \u00e0 son poste. Les deux hommes doivent se revoir au retour du P-DG du groupe Madar en Alg\u00e9rie pour trancher la question. \u00c0 noter enfin que le DAF du club, Reda Abdouche, a d\u00e9missionn\u00e9 de son poste r\u00e9cemment. Le groupe Madar en a engag\u00e9 un nouveau.<br \/>\u00a0<\/p>\n<p class=\"c10\"><strong>S. L.\u00a0<\/strong><\/p>\n<\/div>\n<div id=\"text_core\" readability=\"47\">\n<p>En raison du fait que le P-DG du groupe Madar, Charef- Eddine Amara se trouve actuellement \u00e0 l\u2019\u00e9tranger, une r\u00e9union de la direction du CRB\u00a0 par vid\u00e9o conf\u00e9rence a eu lieu mardi soir.\u00a0<\/p>\n<p>Selon une source digne de foi, la r\u00e9union a \u00e9t\u00e9 marqu\u00e9e par l\u2019intervention du directeur g\u00e9n\u00e9ral, Said Allik qui a fortement charg\u00e9 Charef-Eddine Amara. \u201cJe ne peux plus travailler dans des conditions similaires. Les pr\u00e9rogatives ne sont pas clairement d\u00e9finies et il y a une vell\u00e9it\u00e9 de sabotage du club avec cette histoire de\u00a0 ramasseurs de balles. C\u2019est insens\u00e9. Vous devez intervenir pour mettre le hol\u00e0 et clarifier les choses, les missions des uns et des autres. Vous \u00eates grandement responsable de ce cafouillage. Je vous annonce donc que je suis partant de mon poste\u201d, a martel\u00e9 Allik, avant de quitter la salle de r\u00e9unions. Il a repris cependant sa place suite \u00e0 l\u2019intervention de certains cadres et de\u00a0 Charef-Eddine Amara qui a insist\u00e9 pour que Allik soit maintenu \u00e0 son poste. Les deux hommes doivent se revoir au retour du P-DG du groupe Madar en Alg\u00e9rie pour trancher la question. \u00c0 noter enfin que le DAF du club, Reda Abdouche, a d\u00e9missionn\u00e9 de son poste r\u00e9cemment. Le groupe Madar en a engag\u00e9 un nouveau.<br \/>\u00a0<\/p>\n<p class=\"c10\"><strong>S. L.\u00a0<\/strong><\/p>\n<\/div>\n<p>Auteur:<br \/>\n<a href=\"https:\/\/www.liberte-algerie.com\/sports\/le-p-dg-du-groupe-madar-tient-a-allik-322307\">Cliquez ici pour lire l&rsquo;article depuis sa source.<\/a><\/p>\n","protected":false},"excerpt":{"rendered":"<p>En raison du fait que le P-DG du groupe Madar, Charef- Eddine Amara se trouve actuellement \u00e0 l\u2019\u00e9tranger, une r\u00e9union de la direction du CRB\u00a0 par vid\u00e9o conf\u00e9rence a eu lieu mardi soir.\u00a0 Selon une source digne de foi, la r\u00e9union a \u00e9t\u00e9 marqu\u00e9e par l\u2019intervention du directeur g\u00e9n\u00e9ral, Said Allik qui a fortement charg\u00e9 [&hellip;]<\/p>\n","protected":false},"author":1742,"featured_media":0,"comment_status":"closed","ping_status":"closed","sticky":false,"template":"","format":"standard","meta":{"fifu_image_url":"","fifu_image_alt":"","footnotes":""},"categories":[73,53],"tags":[],"class_list":["post-58781","post","type-post","status-publish","format-standard","hentry","category-actualite","category-algerie"],"_links":{"self":[{"href":"https:\/\/linitiative.ca\/International\/wp-json\/wp\/v2\/posts\/58781","targetHints":{"allow":["GET"]}}],"collection":[{"href":"https:\/\/linitiative.ca\/International\/wp-json\/wp\/v2\/posts"}],"about":[{"href":"https:\/\/linitiative.ca\/International\/wp-json\/wp\/v2\/types\/post"}],"author":[{"embeddable":true,"href":"https:\/\/linitiative.ca\/International\/wp-json\/wp\/v2\/users\/1742"}],"replies":[{"embeddable":true,"href":"https:\/\/linitiative.ca\/International\/wp-json\/wp\/v2\/comments?post=58781"}],"version-history":[{"count":0,"href":"https:\/\/linitiative.ca\/International\/wp-json\/wp\/v2\/posts\/58781\/revisions"}],"wp:attachment":[{"href":"https:\/\/linitiative.ca\/International\/wp-json\/wp\/v2\/media?parent=58781"}],"wp:term":[{"taxonomy":"category","embeddable":true,"href":"https:\/\/linitiative.ca\/International\/wp-json\/wp\/v2\/categories?post=58781"},{"taxonomy":"post_tag","embeddable":true,"href":"https:\/\/linitiative.ca\/International\/wp-json\/wp\/v2\/tags?post=58781"}],"curies":[{"name":"wp","href":"https:\/\/api.w.org\/{rel}","templated":true}]}}