{"id":58782,"date":"2019-08-22T06:00:00","date_gmt":"2019-08-22T10:00:00","guid":{"rendered":"https:\/\/linitiative.ca\/International\/ce-que-cherif-el-ouazzani-doit-apprendre-de-cavalli\/"},"modified":"2019-08-22T06:00:00","modified_gmt":"2019-08-22T10:00:00","slug":"ce-que-cherif-el-ouazzani-doit-apprendre-de-cavalli","status":"publish","type":"post","link":"https:\/\/linitiative.ca\/International\/ce-que-cherif-el-ouazzani-doit-apprendre-de-cavalli\/","title":{"rendered":"Ce que Cherif El-Ouazzani doit apprendre de Cavalli"},"content":{"rendered":"<div id=\"originalText\" readability=\"71\">\n<p>\u201cMoi, je reste au-dessus de la m\u00eal\u00e9e !\u201d. Combien de fois n\u2019a-t-on pas entendu Jean-Michel Cavalli servir \u00e0 sati\u00e9t\u00e9 cette expression \u00e0 chaque fois qu\u2019il \u00e9tait interpell\u00e9 \u00e0 propos de man\u0153uvres d\u00e9stabilisatrices des proches du pr\u00e9sident Belhadj ou d\u2019habitu\u00e9s du vestiaire mouloud\u00e9en.<\/p>\n<p>Son statut d\u2019ancien s\u00e9lectionneur national, de globe-trotter \u00e0 l\u2019international, mais surtout de titulaire du plus haut degr\u00e9 d\u2019entra\u00eeneur en Europe, \u00e0 savoir l\u2019UEFA pro lui donnaient, pourtant, assez de cr\u00e9dibilit\u00e9 pour tancer, lancer des piques, r\u00e9pliquer ou tout simplement condamner. Or, le Corse au caract\u00e8re bien cors\u00e9 se faisait un plaisir d\u2019ignorer \u201ctout ce qui venait d\u2019en bas\u201d. M\u00eame s\u2019il n\u2019avait pas mis tout le monde d\u2019accord sur le degr\u00e9 de r\u00e9ussite de sa triple exp\u00e9rience au Mouloudia, Jean-Michel Cavalli avait, cependant, fini par forcer le respect de tous en s\u2019\u00e9vitant, surtout, d\u2019entrer en conflit avec les perturbateurs coutumiers et autres dirigeants-vautours connus pour manger \u00e0 tous les r\u00e2teliers tout en d\u00e9nigrant \u00e0 tout-va.<br \/>Plus qu\u2019une simple attitude, un mode de vie \u00e0 la faveur duquel Cherif El-Ouazzani gagnerait \u00e9norm\u00e9ment s\u2019il venait \u00e0 l\u2019adopter !<br \/>Notamment en cette p\u00e9riode tr\u00e8s importante qui a vu l\u2019\u00e9quipe qu\u2019il dirige et entra\u00eene entamer avec succ\u00e8s le championnat professionnel \u00e0 travers un succ\u00e8s bonifiant face \u00e0 l\u2019USM Bel-Abb\u00e8s. S\u2019il avait choisi de faire comme Jean-Michel Cavalli et de \u201crester au-dessus de la m\u00eal\u00e9e\u201d, il n\u2019aurait jamais ouvert de multiples fronts avec nombre de personnes gravitant autour du club.<br \/>S\u2019attaquer frontalement \u00e0 l\u2019ex-pr\u00e9sident Ahmed Belhadj en raison de quelques ballons et d\u2019un d\u00e9fibrillateur cardiaque alors qu\u2019une simple correspondance \u00e0 la FAF aurait r\u00e9gl\u00e9 l\u2019affaire, vaut d\u00e9sormais \u00e0 Cherif El-Ouazzani une sordide guerre des mots (avec son pr\u00e9d\u00e9cesseur) de laquelle il ne sortira pas vraiment gagnant.<br \/>Enclencher une bataille verbale avec le repr\u00e9sentant de la marque Kelme, Abdelkader Benabbou, en raison d\u2019une diatribe de ce dernier sur un r\u00e9seau social d\u00e9note, en parall\u00e8le, d\u2019un manque cruel en mati\u00e8re de strat\u00e9gie communicative.<br \/>Quant \u00e0 cette r\u00e9plique \u00e0 la blague de mauvais go\u00fbt de l\u2019ancien gardien de but, Nacer Benchiha, que Cherif El-Ouazzani n\u2019aurait jamais d\u00fb prendre au s\u00e9rieux, elle dessert encore plus son image qu\u2019elle ne sert et plaide sa cause.<br \/>Or, en tant que patron technique et administratif du plus grand club de l\u2019Ouest et du doyen de la Ligue 1 alg\u00e9rienne, Si Tahar Cherif El-Ouazzani se doit de tenir son rang et de ne pas se perdre dans ces gu\u00e9guerres langagi\u00e8res qui ne font que craqueler son image de marque en public.<br \/>Il serait, \u00e0 ce propos, bien inspir\u00e9 de copier le \u201cmod\u00e8le corse\u201d en mati\u00e8re de communication, vu la crainte et le respect qu\u2019inspirait le natif de Propriano \u00e0 tous les proches du vestiaire oranais. Question de standing, mais aussi de niveau. Mais aussi d\u2019analyse bien faite du terrain min\u00e9 que repr\u00e9sente l\u2019entourage mouloud\u00e9en. D\u2019autant plus que Cherif est au MCO depuis 1983 alors que Cavalli y avait d\u00e9barqu\u00e9 seulement en 2014.<br \/>En attendant, l\u2019actuel patron d\u2019El-Hamri \u00e9tudie la possibilit\u00e9 de r\u00e9pondre favorablement \u00e0 l\u2019invitation du club marocain du MC Oujda pour un match amical le 7 septembre prochain \u00e0 l\u2019occasion de l\u2019ouverture officielle de son nouveau stade.<br \/>\u00a0<\/p>\n<p class=\"c10\"><strong>Rachid BELARBI<\/strong><\/p>\n<\/div>\n<div id=\"text_core\" readability=\"71\">\n<p>\u201cMoi, je reste au-dessus de la m\u00eal\u00e9e !\u201d. Combien de fois n\u2019a-t-on pas entendu Jean-Michel Cavalli servir \u00e0 sati\u00e9t\u00e9 cette expression \u00e0 chaque fois qu\u2019il \u00e9tait interpell\u00e9 \u00e0 propos de man\u0153uvres d\u00e9stabilisatrices des proches du pr\u00e9sident Belhadj ou d\u2019habitu\u00e9s du vestiaire mouloud\u00e9en.<\/p>\n<p>Son statut d\u2019ancien s\u00e9lectionneur national, de globe-trotter \u00e0 l\u2019international, mais surtout de titulaire du plus haut degr\u00e9 d\u2019entra\u00eeneur en Europe, \u00e0 savoir l\u2019UEFA pro lui donnaient, pourtant, assez de cr\u00e9dibilit\u00e9 pour tancer, lancer des piques, r\u00e9pliquer ou tout simplement condamner. Or, le Corse au caract\u00e8re bien cors\u00e9 se faisait un plaisir d\u2019ignorer \u201ctout ce qui venait d\u2019en bas\u201d. M\u00eame s\u2019il n\u2019avait pas mis tout le monde d\u2019accord sur le degr\u00e9 de r\u00e9ussite de sa triple exp\u00e9rience au Mouloudia, Jean-Michel Cavalli avait, cependant, fini par forcer le respect de tous en s\u2019\u00e9vitant, surtout, d\u2019entrer en conflit avec les perturbateurs coutumiers et autres dirigeants-vautours connus pour manger \u00e0 tous les r\u00e2teliers tout en d\u00e9nigrant \u00e0 tout-va.<br \/>Plus qu\u2019une simple attitude, un mode de vie \u00e0 la faveur duquel Cherif El-Ouazzani gagnerait \u00e9norm\u00e9ment s\u2019il venait \u00e0 l\u2019adopter !<br \/>Notamment en cette p\u00e9riode tr\u00e8s importante qui a vu l\u2019\u00e9quipe qu\u2019il dirige et entra\u00eene entamer avec succ\u00e8s le championnat professionnel \u00e0 travers un succ\u00e8s bonifiant face \u00e0 l\u2019USM Bel-Abb\u00e8s. S\u2019il avait choisi de faire comme Jean-Michel Cavalli et de \u201crester au-dessus de la m\u00eal\u00e9e\u201d, il n\u2019aurait jamais ouvert de multiples fronts avec nombre de personnes gravitant autour du club.<br \/>S\u2019attaquer frontalement \u00e0 l\u2019ex-pr\u00e9sident Ahmed Belhadj en raison de quelques ballons et d\u2019un d\u00e9fibrillateur cardiaque alors qu\u2019une simple correspondance \u00e0 la FAF aurait r\u00e9gl\u00e9 l\u2019affaire, vaut d\u00e9sormais \u00e0 Cherif El-Ouazzani une sordide guerre des mots (avec son pr\u00e9d\u00e9cesseur) de laquelle il ne sortira pas vraiment gagnant.<br \/>Enclencher une bataille verbale avec le repr\u00e9sentant de la marque Kelme, Abdelkader Benabbou, en raison d\u2019une diatribe de ce dernier sur un r\u00e9seau social d\u00e9note, en parall\u00e8le, d\u2019un manque cruel en mati\u00e8re de strat\u00e9gie communicative.<br \/>Quant \u00e0 cette r\u00e9plique \u00e0 la blague de mauvais go\u00fbt de l\u2019ancien gardien de but, Nacer Benchiha, que Cherif El-Ouazzani n\u2019aurait jamais d\u00fb prendre au s\u00e9rieux, elle dessert encore plus son image qu\u2019elle ne sert et plaide sa cause.<br \/>Or, en tant que patron technique et administratif du plus grand club de l\u2019Ouest et du doyen de la Ligue 1 alg\u00e9rienne, Si Tahar Cherif El-Ouazzani se doit de tenir son rang et de ne pas se perdre dans ces gu\u00e9guerres langagi\u00e8res qui ne font que craqueler son image de marque en public.<br \/>Il serait, \u00e0 ce propos, bien inspir\u00e9 de copier le \u201cmod\u00e8le corse\u201d en mati\u00e8re de communication, vu la crainte et le respect qu\u2019inspirait le natif de Propriano \u00e0 tous les proches du vestiaire oranais. Question de standing, mais aussi de niveau. Mais aussi d\u2019analyse bien faite du terrain min\u00e9 que repr\u00e9sente l\u2019entourage mouloud\u00e9en. D\u2019autant plus que Cherif est au MCO depuis 1983 alors que Cavalli y avait d\u00e9barqu\u00e9 seulement en 2014.<br \/>En attendant, l\u2019actuel patron d\u2019El-Hamri \u00e9tudie la possibilit\u00e9 de r\u00e9pondre favorablement \u00e0 l\u2019invitation du club marocain du MC Oujda pour un match amical le 7 septembre prochain \u00e0 l\u2019occasion de l\u2019ouverture officielle de son nouveau stade.<br \/>\u00a0<\/p>\n<p class=\"c10\"><strong>Rachid BELARBI<\/strong><\/p>\n<\/div>\n<p>Auteur:<br \/>\n<a href=\"https:\/\/www.liberte-algerie.com\/sports\/ce-que-cherif-el-ouazzani-doit-apprendre-de-cavalli-322306\">Cliquez ici pour lire l&rsquo;article depuis sa source.<\/a><\/p>\n","protected":false},"excerpt":{"rendered":"<p>\u201cMoi, je reste au-dessus de la m\u00eal\u00e9e !\u201d. Combien de fois n\u2019a-t-on pas entendu Jean-Michel Cavalli servir \u00e0 sati\u00e9t\u00e9 cette expression \u00e0 chaque fois qu\u2019il \u00e9tait interpell\u00e9 \u00e0 propos de man\u0153uvres d\u00e9stabilisatrices des proches du pr\u00e9sident Belhadj ou d\u2019habitu\u00e9s du vestiaire mouloud\u00e9en. Son statut d\u2019ancien s\u00e9lectionneur national, de globe-trotter \u00e0 l\u2019international, mais surtout de titulaire [&hellip;]<\/p>\n","protected":false},"author":1742,"featured_media":0,"comment_status":"closed","ping_status":"closed","sticky":false,"template":"","format":"standard","meta":{"fifu_image_url":"","fifu_image_alt":"","footnotes":""},"categories":[73,53],"tags":[],"class_list":["post-58782","post","type-post","status-publish","format-standard","hentry","category-actualite","category-algerie"],"_links":{"self":[{"href":"https:\/\/linitiative.ca\/International\/wp-json\/wp\/v2\/posts\/58782","targetHints":{"allow":["GET"]}}],"collection":[{"href":"https:\/\/linitiative.ca\/International\/wp-json\/wp\/v2\/posts"}],"about":[{"href":"https:\/\/linitiative.ca\/International\/wp-json\/wp\/v2\/types\/post"}],"author":[{"embeddable":true,"href":"https:\/\/linitiative.ca\/International\/wp-json\/wp\/v2\/users\/1742"}],"replies":[{"embeddable":true,"href":"https:\/\/linitiative.ca\/International\/wp-json\/wp\/v2\/comments?post=58782"}],"version-history":[{"count":0,"href":"https:\/\/linitiative.ca\/International\/wp-json\/wp\/v2\/posts\/58782\/revisions"}],"wp:attachment":[{"href":"https:\/\/linitiative.ca\/International\/wp-json\/wp\/v2\/media?parent=58782"}],"wp:term":[{"taxonomy":"category","embeddable":true,"href":"https:\/\/linitiative.ca\/International\/wp-json\/wp\/v2\/categories?post=58782"},{"taxonomy":"post_tag","embeddable":true,"href":"https:\/\/linitiative.ca\/International\/wp-json\/wp\/v2\/tags?post=58782"}],"curies":[{"name":"wp","href":"https:\/\/api.w.org\/{rel}","templated":true}]}}