{"id":58791,"date":"2019-08-22T09:32:07","date_gmt":"2019-08-22T13:32:07","guid":{"rendered":"https:\/\/linitiative.ca\/International\/cour-de-constantine-boudjemaa-lotfi-installe-dans-ses-fonctions-de-procureur-general\/"},"modified":"2019-08-22T09:32:07","modified_gmt":"2019-08-22T13:32:07","slug":"cour-de-constantine-boudjemaa-lotfi-installe-dans-ses-fonctions-de-procureur-general","status":"publish","type":"post","link":"https:\/\/linitiative.ca\/International\/cour-de-constantine-boudjemaa-lotfi-installe-dans-ses-fonctions-de-procureur-general\/","title":{"rendered":"Cour de Constantine: Boudjema\u00e2 Lotfi install\u00e9 dans ses fonctions de procureur g\u00e9n\u00e9ral"},"content":{"rendered":"<div>\n<div class=\"K2FeedIntroText\">\n<p><strong>CONSTANTINE- Le ministre de la Justice, Garde des Sceaux, Belkacem Zeghmati, a proc\u00e9d\u00e9 jeudi \u00e0 Constantine \u00e0 l\u2019installation de Boudjema\u00e2 Lotfi en qualit\u00e9 de procureur g\u00e9n\u00e9ral pr\u00e8s de la Cour de Constantine.<\/strong><\/p>\n<\/div>\n<div class=\"K2FeedFullText\">\n<p>Le nouveau Procureur g\u00e9n\u00e9ral de la Cour de Constantine avait occup\u00e9\u00a0 plusieurs\u00a0 fonctions judiciaires \u00e0 travers le pays, dont procureur g\u00e9n\u00e9ral pr\u00e8s de la Cour de Jijel.<\/p>\n<p>A l\u2019occasion, le ministre a indiqu\u00e9 que le nouveau procureur g\u00e9n\u00e9ral de la Cour de Constantine \u00ab\u00a0figure parmi les jeunes comp\u00e9tences appel\u00e9es \u00e0 insuffler une nouvelle dynamique au parquet g\u00e9n\u00e9ral et \u00e0 contribuer de mani\u00e8re particuli\u00e8re \u00e0 d\u00e9velopper le l\u2019action judiciaire dans cette grande wilaya qui s\u2019oriente vers des perspectives prometteuses pour \u00eatre \u00e0 la hauteur des attentes des citoyens\u00a0\u00bb.<\/p>\n<p>Relevant la lourde responsabilit\u00e9 de tous ceux qui activent dans le secteur de la justice, le ministre a appel\u00e9 les cadres de son secteur \u00e0 avantage de rigueur dans l&rsquo;application des lois de la R\u00e9publique et des r\u00e8gles d&rsquo;un proc\u00e8s \u00e9quitable \u00ab\u00a0tant en termes d&rsquo;application de la loi et de la lutte contre les crimes que de la protection des droits et des libert\u00e9s\u00a0\u00bb.<\/p>\n<p>Le chef de l&rsquo;Etat Abdelkader Bensalah avait proc\u00e9d\u00e9 le 8 ao\u00fbt dernier \u00e0 un mouvement dans le corps des Procureurs g\u00e9n\u00e9raux pr\u00e8s 32 Cours au niveau national, et ce conform\u00e9ment aux dispositions de l&rsquo;article 92 de la Constitution.<\/p>\n<p>Le ministre s\u2019est par la suite rendu sur le site de r\u00e9alisation de la nouvelle Cour de Constantine o\u00f9 il a donn\u00e9 des instructions fermes \u00e0 l\u2019effet d\u2019acc\u00e9l\u00e9rer les travaux pour permettre sa r\u00e9ception \u00ab\u00a0dans les meilleurs d\u00e9lais\u00a0\u00bb.<\/p>\n<\/div>\n<\/div>\n<p>Auteur:<br \/>\n<a href=\"http:\/\/www.aps.dz\/regions\/93463-cour-de-constantine-boudjemaa-lotfi-installe-dans-ses-fonctions-de-procureur-general\">Cliquez ici pour lire l&rsquo;article depuis sa source.<\/a><\/p>\n","protected":false},"excerpt":{"rendered":"<p>CONSTANTINE- Le ministre de la Justice, Garde des Sceaux, Belkacem Zeghmati, a proc\u00e9d\u00e9 jeudi \u00e0 Constantine \u00e0 l\u2019installation de Boudjema\u00e2 Lotfi en qualit\u00e9 de procureur g\u00e9n\u00e9ral pr\u00e8s de la Cour de Constantine. Le nouveau Procureur g\u00e9n\u00e9ral de la Cour de Constantine avait occup\u00e9\u00a0 plusieurs\u00a0 fonctions judiciaires \u00e0 travers le pays, dont procureur g\u00e9n\u00e9ral pr\u00e8s de [&hellip;]<\/p>\n","protected":false},"author":1790,"featured_media":0,"comment_status":"closed","ping_status":"closed","sticky":false,"template":"","format":"standard","meta":{"fifu_image_url":"","fifu_image_alt":"","footnotes":""},"categories":[53,76],"tags":[],"class_list":["post-58791","post","type-post","status-publish","format-standard","hentry","category-algerie","category-regions"],"_links":{"self":[{"href":"https:\/\/linitiative.ca\/International\/wp-json\/wp\/v2\/posts\/58791","targetHints":{"allow":["GET"]}}],"collection":[{"href":"https:\/\/linitiative.ca\/International\/wp-json\/wp\/v2\/posts"}],"about":[{"href":"https:\/\/linitiative.ca\/International\/wp-json\/wp\/v2\/types\/post"}],"author":[{"embeddable":true,"href":"https:\/\/linitiative.ca\/International\/wp-json\/wp\/v2\/users\/1790"}],"replies":[{"embeddable":true,"href":"https:\/\/linitiative.ca\/International\/wp-json\/wp\/v2\/comments?post=58791"}],"version-history":[{"count":0,"href":"https:\/\/linitiative.ca\/International\/wp-json\/wp\/v2\/posts\/58791\/revisions"}],"wp:attachment":[{"href":"https:\/\/linitiative.ca\/International\/wp-json\/wp\/v2\/media?parent=58791"}],"wp:term":[{"taxonomy":"category","embeddable":true,"href":"https:\/\/linitiative.ca\/International\/wp-json\/wp\/v2\/categories?post=58791"},{"taxonomy":"post_tag","embeddable":true,"href":"https:\/\/linitiative.ca\/International\/wp-json\/wp\/v2\/tags?post=58791"}],"curies":[{"name":"wp","href":"https:\/\/api.w.org\/{rel}","templated":true}]}}